{"id":2632,"date":"2019-01-07T22:48:32","date_gmt":"2019-01-07T19:48:32","guid":{"rendered":"https:\/\/rupression.com\/?p=2632"},"modified":"2019-01-07T22:53:54","modified_gmt":"2019-01-07T19:53:54","slug":"rosja-mistrzostwa-swiata-w-torturach-2018-mistrzostwa-swiata-w-solidarnosci","status":"publish","type":"post","link":"https:\/\/rupression.com\/pl\/2019\/01\/07\/rosja-mistrzostwa-swiata-w-torturach-2018-mistrzostwa-swiata-w-solidarnosci\/","title":{"rendered":"Rosja: mistrzostwa \u015bwiata w torturach \u2013 2018. Mistrzostwa \u015bwiata w solidarno\u015bci"},"content":{"rendered":"\n<p><strong>3 czerwca 2018<\/strong><\/p>\n\n\n\n<p>Przegl\u0105d akcji solidarno\u015bciowych z zatrzymanymi w sprawie \u201cSieci\u201d w Petersburgu <\/p>\n\n\n\n<p>W 2018 w Rosji\nprzeprowadzono wybory prezydenta, a w tym momencie odbywaj\u0105 si\u0119\nmistrzostwa \u015bwiata w pi\u0142ce no\u017cnej. Na pocz\u0105tku 2018 roku\nnag\u0142o\u015bniona zosta\u0142a sprawa tak zwanej \u201cSieci\u201d. W post\u0119powaniu\nzosta\u0142o aresztowanych sze\u015b\u0107 os\u00f3b w Penzie i\ntrzy osoby w Petersburgu. W po\u0142owie\nczerwca przed\u0142u\u017cono im areszt \u2013 w Penzie do 18 wrze\u015bnia, a w\nPetersburgu do 22 pa\u017adziernika.<\/p>\n\n\n\n<p>Informacje o sprawie\ns\u0105 utajnione. Wiemy tylko, \u017ce aresztowani s\u0105 oskar\u017cani z cz\u0119\u015bci\ndrugiej artyku\u0142u 205.4 KK Federacji Rosyjskiej: \u201cOrganizacja\nzrzeszenia terrorystycznego i uczestnictwo w nim\u201d, za co gro\u017c\u0105 im\nwyroki do 10 lat pozbawienia wolno\u015bci. Wiadomo te\u017c, \u017ce \u015bledczy\nwymuszaj\u0105 zeznania torturami.<\/p>\n\n\n\n<p>Kampania\nsolidarno\u015bciowa ze spraw\u0105 \u201cSieci\u201d stworzy\u0142a stron\u0119\ninternetow\u0105: rupression.com, s\u0105 te\u017c strony w sieciach\nspo\u0142eczno\u015bciowych i kana\u0142 w telegramie pod t\u0105 sam\u0105 nazw\u0105. Na\nca\u0142ym \u015bwiecie organizowane s\u0105 akcje solidarno\u015bciowe \u2013 tak\u017ce w\nsamej Rosji. Tylko w maju i czerwcu w Petersburgu odby\u0142y si\u0119\ndziesi\u0105tki wydarze\u0144 w ramach kampanii: blok na demonstracji\npierwszomajowej, jednoosobowe pikiety, demonstracja 20 maja i\nwyst\u0105pienie na demonstracji z okazji dnia Rosji, 27 maja (czyli w\ndzie\u0144 miasta) odby\u0142 si\u0119 spektakl, organizowano tak\u017ce projekcje\nfilm\u00f3w i wyk\u0142ady.<\/p>\n\n\n\n<p>Od 25 maja do 25\nczerwca w kilku miastach Rosji, w kt\u00f3rych odbywaj\u0105 si\u0119 mundialowe\nmecze, wprowadzono tak zwany stan nadzwyczajny. Powa\u017cnie ogranicza\nto \u017cycie w tych miastach i dodatkowo, nie mo\u017cliwe jest\norganizowanie pikiet, ale akcje solidarno\u015bciowe i tak s\u0105\nkontynuowane.<\/p>\n\n\n\n<p>O wszystkim po\nkolei.<\/p>\n\n\n\n<p><strong>Demo\npierwszomajowe<\/strong><\/p>\n\n\n\n<p>Podczas przemarszu\npierwszomajowego w tym roku w Petersburgu ca\u0142y czas by\u0142a ulewa.\nJednak nie przeszkodzi\u0142a ona solidarno\u015bci. Na demonstracj\u0119, kt\u00f3ra\nprzesz\u0142a po g\u0142\u00f3wnym prospekcie w mie\u015bcie, czyli po prospekcie\nNewskim, wyszed\u0142 blok z rytmami oporu i anarchistycznymi flagami,\nnios\u0105c transparenty ze s\u0142owami oskar\u017conych w sprawie \u201cSieci\u201d\noraz g\u0142\u00f3wny baner \u201cWasze tortury nie zabij\u0105 naszych idei\u201d.\nStraszne opowie\u015bci o torturach, o ogromnych wyrokach, kt\u00f3re gro\u017c\u0105\noskar\u017conym, portrety na transparentach, d\u017awi\u0119czne rytmy, odwa\u017cne\npie\u015bni o czarnych pa\u0142kach, na kt\u00f3rych opiera si\u0119 w\u0142adza, ka\u0142u\u017ce\npo kostki \u2013 i ogromne pragnienie wolno\u015bci. \n<\/p>\n\n\n\n<p>Nagranie z\ndemonstracji<\/p>\n\n\n\n<figure class=\"wp-block-embed-youtube wp-block-embed is-type-video is-provider-youtube wp-embed-aspect-16-9 wp-has-aspect-ratio\"><div class=\"wp-block-embed__wrapper\">\n<iframe loading=\"lazy\" title=\"\u0420\u0438\u0442\u043c\u044b \u0441\u043e\u043f\u0440\u043e\u0442\u0438\u0432\u043b\u0435\u043d\u0438\u044f - \u043f\u0440\u043e\u0442\u0438\u0432 \u00ab\u0434\u0435\u043b\u0430 \u0421\u0435\u0442\u0438\u00bb\" width=\"640\" height=\"360\" src=\"https:\/\/www.youtube.com\/embed\/3ZeHRrCVVXw?feature=oembed\" frameborder=\"0\" allow=\"accelerometer; autoplay; clipboard-write; encrypted-media; gyroscope; picture-in-picture; web-share\" referrerpolicy=\"strict-origin-when-cross-origin\" allowfullscreen><\/iframe>\n<\/div><\/figure>\n\n\n\n<p><strong>Jednoosobowe\npikiety<\/strong><\/p>\n\n\n\n<p>Co pi\u0105tek na ten\nsam prospekt Newski wychodzi z plakatem ojciec jednego z oskar\u017conych,\nJulija Bojarszynowa, Niko\u0142aj. Zazwyczaj do\u0142\u0105cza si\u0119 do niego\nkilka os\u00f3b.<\/p>\n\n\n\n<p>Obecnie, w czasie\nmundialu, jednoosobowe pikiety pozostaj\u0105 jedynym legalnym formatem\nprotestu. \n<\/p>\n\n\n\n<p><strong>Protest 20 maja<\/strong><\/p>\n\n\n\n<p>20 maja w parku w\ncentrum miasta oko\u0142o 400 os\u00f3b wysz\u0142o protestowa\u0107 przeciwko\ntorturom i solidaryzowa\u0107 si\u0119 z oskar\u017conymi w sprawie \u201cSieci\u201d.<\/p>\n\n\n\n<p>Aby legalnie\nzorganizowa\u0107 wydarzenie uliczne w Rosji, trzeba je na pocz\u0105tku\nuzgodni\u0107 z lokaln\u0105 administracj\u0105. To wydarzenie tworzono, aby\notwarcie wyrazi\u0107 swoj\u0105 pozycj\u0119, dlatego d\u0105\u017cono do tego, aby\nzorganizowa\u0107 je w\u0142a\u015bnie w takim, legalnym, formacie. Kilka tras, a\ntak\u017ce sama opcja przemarszu zosta\u0142a odrzucona przez administracj\u0119\npod r\u00f3\u017cnymi pretekstami, dlatego format i miejsce protestu by\u0142y\nkompromisow\u0105 decyzj\u0105.<\/p>\n\n\n\n<p>Zgromadzenie trwa\u0142o\njedynie godzin\u0119, ale poruszonych zosta\u0142o wiele temat\u00f3w.<\/p>\n\n\n\n<p>O sprawie \u201cSieci\u201d\nm\u00f3wiono z najr\u00f3\u017cniejszych perspektyw. Z punktu widzenia spo\u0142ecznej\nkomisji monitoruj\u0105cej miejsca pozbawienia wolno\u015bci, z punktu\nwidzenia towarzyszy, kt\u00f3rzy widzieli przeszukania i \u015blady tortur u\nswoich przyjaci\u00f3\u0142 i, po raz kolejny, z punktu widzenia rodzic\u00f3w.\nAtmosfer\u0119 protestu o\u017cywi\u0142a antyfaszystowska\npie\u015b\u0144 Woodie Guthrie, w t\u0142umaczeniu: \u201eLusia\u201d, oraz, oczywi\u015bcie\nrytmy oporu.<\/p>\n\n\n\n<p>Niestety tortury w\nsprawie \u201cSieci\u201d to nie jedyny przyk\u0142ad nadu\u017cy\u0107 i przemocy\nw\u0142adzy. Zgony i obra\u017cenia z winy policji w ostatnich latach sta\u0142y\nsi\u0119 tak zwan\u0105 \u201crosyjsk\u0105 ebol\u0105\u201d*.<\/p>\n\n\n\n<p>Opowiedziano, na\nprzyk\u0142ad, o sytuacji na okupowanym Krymie. O krymskich wi\u0119\u017aniach,\ng\u0142oduj\u0105cych nie dla \u017cycia, a na \u015bmier\u0107.<\/p>\n\n\n\n<p><strong>Teatr.dok na\ndzie\u0144 miasta<\/strong><\/p>\n\n\n\n<p>27 maja Petersburg\n\u015bwi\u0119tuje dzie\u0144 miasta. Tego dnia teatr.dok postanowi\u0142\nzorganizowa\u0107 tutaj spektakl \u201cTortury\u201d z dokumentami ze sprawy\n\u201cSieci\u201d. Trudno by\u0142o znale\u017a\u0107 miejsce dla takiego prezentu dla\nmiasta. Dzie\u0144 przed spektaklem, z powodu telefonu z FSB, um\u00f3wione\nmiejsce odm\u00f3wi\u0142o udost\u0119pnienia sali na spektakl. W ko\u0144cu znalaz\u0142\nsi\u0119 teatr, gotowy na takie przedsi\u0119wzi\u0119cie. Kilkaset os\u00f3b\nt\u0142oczy\u0142o si\u0119 w niewielkiej sali, \u017ceby uwa\u017cnie wys\u0142ucha\u0107 pe\u0142ne\nogromnego b\u00f3lu i mocnych prze\u017cy\u0107 teksty. Listy zza krat.\nRozmy\u015blania obro\u0144c\u00f3w praw cz\u0142owieka. I d\u0142uga lista nazwisk\nfunkcjonariuszy FSB, kt\u00f3rzy przy\u0142o\u017cyli r\u0119k\u0119 do tortur.  \n<\/p>\n\n\n\n<p>Przedstawienie mo\u017cna\nobejrze\u0107 w j\u0119zyku rosyjskim:<\/p>\n\n\n\n<figure class=\"wp-block-embed-youtube wp-block-embed is-type-video is-provider-youtube wp-embed-aspect-16-9 wp-has-aspect-ratio\"><div class=\"wp-block-embed__wrapper\">\n<iframe loading=\"lazy\" title=\"\u041f\u044b\u0442\u043a\u0438 2018 \/ \u0421\u043f\u0435\u043a\u0442\u0430\u043a\u043b\u044c \/ \u0421\u0430\u043d\u043a\u0442-\u041f\u0435\u0442\u0435\u0440\u0431\u0443\u0440\u0433\" width=\"640\" height=\"360\" src=\"https:\/\/www.youtube.com\/embed\/GBrJB2BTnTs?feature=oembed\" frameborder=\"0\" allow=\"accelerometer; autoplay; clipboard-write; encrypted-media; gyroscope; picture-in-picture; web-share\" referrerpolicy=\"strict-origin-when-cross-origin\" allowfullscreen><\/iframe>\n<\/div><\/figure>\n\n\n\n<p><strong>Pikieta 11\nczerwca<\/strong><\/p>\n\n\n\n<p>\n12 czerwca \u2013 dzie\u0144 Rosji. Z okazji tego dnia, 11 czerwca\nspo\u0142eczno\u015b\u0107 si\u0119 zorganizowa\u0142a i zebra\u0142a si\u0119 na pikiecie w\nsprawie obrony praw i wolno\u015bci obywateli \u2013 jednocze\u015bnie przeciwko\nrepresjom i nadu\u017cyciom w\u0142adz. Protest zosta\u0142 zalegalizowany w\nparku na obrze\u017cach miasta. Bior\u0105c pod uwag\u0119, \u017ce by\u0142 to letni\ndzie\u0144 i odosobnione miejsce, zebra\u0142o si\u0119&nbsp;niema\u0142o os\u00f3b,\noko\u0142o trzystu.<\/p>\n\n\n\n<p>O sprawie \u201cSieci\u201d\nby\u0142a mowa podczas dw\u00f3ch wyst\u0105pie\u0144, by\u0142 te\u017c infopunkt dotycz\u0105cy\ntej sprawy.<\/p>\n\n\n\n<p><strong>Wsparcie podczas\nrozpraw<\/strong><\/p>\n\n\n\n<p>Rozprawy s\u0105dowe w\nsprawie przed\u0142u\u017cenia aresztu oskar\u017conych w post\u0119powaniu o \u201cSieci\u201d\nodbywaj\u0105 si\u0119&nbsp;za zamkni\u0119tymi drzwiami. Nie mo\u017ce w nich\nuczestniczy\u0107 ani spo\u0142eczno\u015b\u0107, ani dziennikarze, ani nawet krewni.\nJednocze\u015bnie dla os\u00f3b oskar\u017conych to jedyna mo\u017cliwo\u015b\u0107\nbezpo\u015bredniego uczestniczenia w rozprawie \u2013 co oznacza\nte\u017c&nbsp;mo\u017cliwo\u015b\u0107&nbsp;bezpo\u015bredniego zobaczenia wsparcia. W\nrozprawach dotycz\u0105cych apelacji i skarg oskar\u017ceni\nmog\u0105&nbsp;uczestniczy\u0107&nbsp;tylko poprzez po\u0142\u0105czenie wideo.<\/p>\n\n\n\n<p>Przed i po\nrozprawach, kiedy oskar\u017ceni s\u0105 eskortowani po korytarzu, stra\u017c\ns\u0105dowa stara si\u0119 wygoni\u0107 ludzi z pi\u0119tra lub maksymalnie ich\nodsun\u0105\u0107. A jednak, nawet w takich okoliczno\u015bciach, kilkadziesi\u0105t\nos\u00f3b zbiera si\u0119 podczas rozpraw.<\/p>\n\n\n\n<p>Z roku na rok\nanarchi\u015bci i anarchistki, antyfaszy\u015bci i antyfaszystki do\u015bwiadczaj\u0105\ncoraz to nowych aresztowa\u0144 i represji. Ale nawet tortury nie zabij\u0105\nnaszych idei. Zw\u0142aszcza kiedy mamy solidarno\u015b\u0107. \u015awiatow\u0105,\nodwa\u017cn\u0105, zr\u00f3\u017cnicowan\u0105.<\/p>\n\n\n\n<p>\n*wi\u0119cej o \u201crosyjskiej eboli\u201d mo\u017cna przeczyta\u0107 po rosyjsku na\nstronie https:\/\/rusebola.com\/ gdzie gromadzone by\u0142y statystyki\ndotycz\u0105ce przemocy policyjnej<\/p>\n","protected":false},"excerpt":{"rendered":"<p>3 czerwca 2018 Przegl\u0105d akcji solidarno\u015bciowych z zatrzymanymi w sprawie \u201cSieci\u201d w Petersburgu W 2018 w Rosji przeprowadzono wybory prezydenta, a w tym momencie odbywaj\u0105 si\u0119 mistrzostwa \u015bwiata w pi\u0142ce no\u017cnej. Na pocz\u0105tku 2018 roku nag\u0142o\u015bniona zosta\u0142a sprawa tak zwanej \u201cSieci\u201d. W post\u0119powaniu zosta\u0142o aresztowanych sze\u015b\u0107 os\u00f3b w Penzie i trzy osoby w Petersburgu. W<\/p>\n","protected":false},"author":8,"featured_media":2633,"comment_status":"open","ping_status":"open","sticky":false,"template":"","format":"standard","meta":{"_acf_changed":false,"footnotes":""},"categories":[1],"tags":[],"class_list":["post-2632","post","type-post","status-publish","format-standard","has-post-thumbnail","hentry","category-artykul"],"acf":[],"aioseo_notices":[],"_links":{"self":[{"href":"https:\/\/rupression.com\/pl\/wp-json\/wp\/v2\/posts\/2632","targetHints":{"allow":["GET"]}}],"collection":[{"href":"https:\/\/rupression.com\/pl\/wp-json\/wp\/v2\/posts"}],"about":[{"href":"https:\/\/rupression.com\/pl\/wp-json\/wp\/v2\/types\/post"}],"author":[{"embeddable":true,"href":"https:\/\/rupression.com\/pl\/wp-json\/wp\/v2\/users\/8"}],"replies":[{"embeddable":true,"href":"https:\/\/rupression.com\/pl\/wp-json\/wp\/v2\/comments?post=2632"}],"version-history":[{"count":2,"href":"https:\/\/rupression.com\/pl\/wp-json\/wp\/v2\/posts\/2632\/revisions"}],"predecessor-version":[{"id":2638,"href":"https:\/\/rupression.com\/pl\/wp-json\/wp\/v2\/posts\/2632\/revisions\/2638"}],"wp:featuredmedia":[{"embeddable":true,"href":"https:\/\/rupression.com\/pl\/wp-json\/wp\/v2\/media\/2633"}],"wp:attachment":[{"href":"https:\/\/rupression.com\/pl\/wp-json\/wp\/v2\/media?parent=2632"}],"wp:term":[{"taxonomy":"category","embeddable":true,"href":"https:\/\/rupression.com\/pl\/wp-json\/wp\/v2\/categories?post=2632"},{"taxonomy":"post_tag","embeddable":true,"href":"https:\/\/rupression.com\/pl\/wp-json\/wp\/v2\/tags?post=2632"}],"curies":[{"name":"wp","href":"https:\/\/api.w.org\/{rel}","templated":true}]}}