{"id":2611,"date":"2019-01-07T22:32:44","date_gmt":"2019-01-07T19:32:44","guid":{"rendered":"https:\/\/rupression.com\/?p=2611"},"modified":"2019-01-07T22:33:24","modified_gmt":"2019-01-07T19:33:24","slug":"przeglad-represji-w-rosji-w-roku-2017-i-na-poczatku-2018-roku-przygotowany-przez-ack","status":"publish","type":"post","link":"https:\/\/rupression.com\/pl\/2019\/01\/07\/przeglad-represji-w-rosji-w-roku-2017-i-na-poczatku-2018-roku-przygotowany-przez-ack\/","title":{"rendered":"Przegl\u0105d represji w Rosji w roku 2017 i na pocz\u0105tku 2018 roku przygotowany przez ACK"},"content":{"rendered":"\n<p><strong>Przegl\u0105d zosta\u0142 przygotowany przez kolektyw ACK-Moskwa<\/strong><\/p>\n\n\n\n<p>Przedstawiamy wam przegl\u0105d represji w stosunku do anarchist\u00f3w i  aktywist\u00f3w wolno\u015bciowych w 2017 roku i na pocz\u0105tku 2018 roku &#8211; w\u0142adze ze  zdwojon\u0105&nbsp;si\u0142\u0105 kontynuuj\u0105 wsadzanie do areszt\u00f3w i n\u0119kanie naszych  towarzyszy. Anarchi\u015bci.tki poddawani.e s\u0105&nbsp;represjom w wi\u0119zieniach, ale  nie trac\u0105&nbsp;si\u0142y ducha. W zesz\u0142ym roku nasz kolektyw nieregularnie  publikowa\u0142 raporty i je\u015bli uwa\u017cacie, \u017ce przeoczyli\u015bmy co\u015b wa\u017cnego, albo  znacie inne przypadki represji, prosimy o pisanie na adres&nbsp;<a href=\"mailto:abc-msk@riseup.net\">abc-msk@riseup.net<\/a> Aresztowania i torturowanie anarchist\u00f3w w Penzie i w Petersburgu <\/p>\n\n\n\n<p>Rosyjskie s\u0142u\u017cby fabrykuj\u0105 ogromn\u0105&nbsp;spraw\u0119&nbsp;karn\u0105 przeciwko anarchistom i antyfaszystom,\n kt\u00f3rych FSB nazywa cz\u0142onkami \u00abzrzeszenia terrorystycznego\u00bb o nazwie \n\u00abSie\u0107\u00bb, kt\u00f3re rzekomo przygotowywa\u0142o zamachy terrorystyczne na czas \nwybor\u00f3w prezydenta w marcu 2018 roku i na mistrzostwa \u015bwiata w pi\u0142ce \nno\u017cnej, kt\u00f3re odb\u0119d\u0105&nbsp;si\u0119 w rosji latem tego samego roku.<\/p>\n\n\n\n<p>Post\u0119powanie karne dot. \u00abzrzeszenia terrorystycznego\u00bb (cz\u0119\u015b\u0107 2 \nartyku\u0142u 205.4 KK) zosta\u0142o wszcz\u0119te w Penzie w pa\u017adzierniku 2017 roku. \nWtedy w ci\u0105gu miesi\u0105ca w Penzie zatrzymano Jegora Zorina, Ilj\u0119 \nSzakurskiego, Wasilija Kuksowa, Dmitrija Pczelincewa i Andrieja \nCzernowa. Wtedy te\u017c zatrzymano w Petersburgu i odwieziono do Penzy \nArmana Sagynbajewa. W styczniu w Petersburgu zatrzymano Wiktora \nFilinkowa i Igora Szyszkina.<\/p>\n\n\n\n<p>Krewni aktywist\u00f3w z Penzy <a href=\"https:\/\/ovdinfo.org\/articles\/2018\/01\/29\/straykbol-penzenskoe-delo-antifashistov\">opowiadali<\/a>, \u017ce aresztowanym podczas zatrzymania podrzucono bro\u0144, a potem byli torturowani. O torturach opowiedzia\u0142 Wiktor Filinkow, <a href=\"https:\/\/zona.media\/article\/2018\/02\/09\/penza-tortures\">Dmitrij Pczelincew<\/a> i <a href=\"https:\/\/zona.media\/article\/2018\/02\/16\/shakursky\">Ilja Szakurskij<\/a>, oraz <a href=\"https:\/\/avtonom.org\/news\/ilya-kapustin-o-tom-kak-ego-pytali-sotrudniki-fsb-oni-skazali-chto-mogut-perelomat-mne-nogi-i\">Ilja Kapustin<\/a>,\n kt\u00f3rego wypuszczono, pozostawiaj\u0105c mu status \u015bwiadka. Igor Szyszkin nie\n poinformowa\u0142 o torturach, jednak lekarze zdiagnozowali u antyfaszysty \nz\u0142amanie dolnej \u015bcianki oczodo\u0142u, wiele krwiak\u00f3w i zadrapa\u0144, a na jego \nciele zarejestrowano wiele \u015blad\u00f3w, podobnych do oparze\u0144 spowodowanych \nprzewodami elektrycznymi.<\/p>\n\n\n\n<ul class=\"wp-block-list\"><li>\n<strong>\u00abRa\u017cenie pr\u0105dem w nog\u0119&nbsp;by\u0142o na przemian z \tra\u017ceniem pr\u0105dem w \nkajdanki. Czasami bi\u0142 w plecy albo w \tpotylic\u0119-ciemi\u0119, by\u0142o uczucie, \u017ce \nbije z ty\u0142u g\u0142owy. Kiedy \tkrzycza\u0142em, zaciskali mi usta i grozili \nkneblem, ta\u015bm\u0105, zatkaniem \tust. Nie chcia\u0142em knebla i stara\u0142em si\u0119&nbsp;nie \nkrzycze\u0107, nie \tzawsze si\u0119&nbsp;udawa\u0142o\u00bb<\/strong>, \u2014 tak Wiktor Filinkow \t<a href=\"https:\/\/avtonom.org\/news\/ty-poymi-oficery-fsb-vsegda-dobivayutsya-svoih-celey-antifashist-viktor-filinkov-rasskazyvaet-o\">opowiada\u0142<\/a> o torturach w mikrobusie FSB.\n<\/li><\/ul>\n\n\n\n<p>Wszyscy zatrzymani w ramach tej sprawy s\u0105 w ci\u0119\u017ckim stanie, grozi im \npowt\u00f3rka z tortur, i bardzo potrzebuj\u0105&nbsp;waszego wsparcia &#8211; i waszej \nsolidarno\u015bci. Aresztowanym mo\u017cna i trzeba pisa\u0107&nbsp;listy:<\/p>\n\n\n\n<p><strong>W Petersburgu:<\/strong>:<br> Dok\u0105d: 191123, \u0421\u0430\u043d\u043a\u0442-\u041f\u0435\u0442\u0435\u0440\u0431\u0443\u0440\u0433, \u0443\u043b \u0428\u043f\u0430\u043b\u0435\u0440\u043d\u0430\u044f, \u0434 25, \u0424\u041a\u0423 \u0421\u0418\u0417\u041e-3 \u0424\u0421\u0418\u041d \u0420\u043e\u0441\u0441\u0438\u0438<\/p>\n\n\n\n<p>Komu: \u0428\u0438\u0448\u043a\u0438\u043d\u0443 \u0418\u0433\u043e\u0440\u044e \u0414\u043c\u0438\u0442\u0440\u0438\u0435\u0432\u0438\u0447\u0443 24.08.1991 \u0433.\u0440.,<\/p>\n\n\n\n<p>\u0424\u0438\u043b\u0438\u043d\u043a\u043e\u0432\u0443 \u0412\u0438\u043a\u0442\u043e\u0440\u0443 \u0421\u0435\u0440\u0433\u0435\u0435\u0432\u0438\u0447\u0443, 08.11.1994 \u0433.\u0440.<\/p>\n\n\n\n<p><strong>W Penzie:<\/strong><br> Dok\u0105d: \u0424\u041a\u0423 \u0421\u0418\u0417\u041e-1, \u0443\u043b. \u041a\u0430\u0440\u0430\u043a\u043e\u0437\u043e\u0432\u0430, \u0434. 30, \u041f\u0435\u043d\u0437\u0430, \u041f\u0435\u043d\u0437\u0435\u043d\u0441\u043a\u0430\u044f \u043e\u0431\u043b., \u0420\u043e\u0441\u0441\u0438\u044f, 440039<\/p>\n\n\n\n<p>Komu: \u041a\u0443\u043a\u0441\u043e\u0432\u0443 \u0412\u0430\u0441\u0438\u043b\u0438\u044e \u0410\u043b\u0435\u043a\u0441\u0435\u0435\u0432\u0438\u0447\u0443, 1988 \u0433.\u0440.<\/p>\n\n\n\n<p>\u0421\u0430\u0433\u044b\u043d\u0431\u0430\u0435\u0432\u0443 \u0410\u0440\u043c\u0430\u043d\u0443 \u0414\u0430\u0443\u043b\u0435\u0442\u043e\u0432\u0438\u0447\u0443, 1992 \u0433.\u0440.<\/p>\n\n\n\n<p>\u041f\u0447\u0435\u043b\u0438\u043d\u0446\u0435\u0432\u0443 \u0414\u043c\u0438\u0442\u0440\u0438\u044e \u0414\u043c\u0438\u0442\u0440\u0438\u0435\u0432\u0438\u0447\u0443, 1992 \u0433.\u0440.<\/p>\n\n\n\n<p>\u0427\u0435\u0440\u043d\u043e\u0432\u0443 \u0410\u043d\u0434\u0440\u0435\u044e \u0421\u0435\u0440\u0433\u0435\u0435\u0432\u0438\u0447\u0443, 1989 \u0433.\u0440.<\/p>\n\n\n\n<p>\u0428\u0430\u043a\u0443\u0440\u0441\u043a\u043e\u043c\u0443 \u0418\u043b\u044c\u0435 \u0410\u043b\u0435\u043a\u0441\u0430\u043d\u0434\u0440\u043e\u0432\u0438\u0447\u0443, 1996 \u0433.\u0440.<\/p>\n\n\n\n<p>Napisa\u0107&nbsp;mo\u017cna te\u017c&nbsp;za pomoc\u0105&nbsp;serwisu pocztowego <a href=\"http:\/\/rosuznik.org\/\">\u00abRosuzinka\u00bb<\/a>. Jegor Zorin ma areszt domowy, dlatego nie ma sensu pisa\u0107&nbsp;do niego do aresztu.<\/p>\n\n\n\n<h2 class=\"wp-block-heading\">Moskwa: sprawa karna dot. rozbitego okna biura partii politycznej \u00abJedna Rosja\u00bb (\u00ab\u0415\u0434\u0438\u043d\u0430\u044f \u0420\u043e\u0441\u0441\u0438\u044f\u00bb)<\/h2>\n\n\n\n<p>Dwoje aktywist\u00f3w.ek <strong>Jelena Gorba\u0144 i Aleksiej Kobaidze<\/strong>, zostali\n oskar\u017ceni o wandalizm (cz\u0119\u015b\u0107 1 artyku\u0142u 214 KK FR) w zwi\u0105zku ze \nspraw\u0105&nbsp;rozbitego okna w biurze partii \u00abJedna Rosja\u00bb. 31 stycznia 2018 \nnieznani aktywi\u015bci rozbili okno w jednym z oddzia\u0142\u00f3w partii \u00abJedna \nRosja\u00bb w Moskwie i wrzucili do \u015brodka podpalon\u0105 flar\u0119 na znak protestu \nprzeciwko spektaklowi pod tytu\u0142em \u00abwybory prezydenta Federacji \nRosyjskiej\u00bb.<\/p>\n\n\n\n<p>\u00abNiewa\u017cne kto zostanie prezydentem, ich polityka &#8211; to zawsze opresja i\n wyzysk prostych pracownik\u00f3w. My, anarchi\u015bci, proponujemy zamiast \nprezydent\u00f3w i innych pa\u0144stwowych instytucji samorz\u0105dno\u015b\u0107 i \ndemokracj\u0119&nbsp;uczestnicz\u0105c\u0105. Do\u0142\u0105czajcie si\u0119&nbsp;do naszej walki!\u00bb \u2014 <a href=\"https:\/\/vk.com\/wall-34380444_158884?w=wall-34380444_158884\">g\u0142osi\u0142o<\/a> ich o\u015bwiadczenie.<\/p>\n\n\n\n<p>Si\u0142y bezpiecze\u0144stwa w\u0142ama\u0142y si\u0119 do mieszka\u0144, gdzie mieszkali Gorba\u0144 i\n Kobaindze, 13 lutego. Po przes\u0142uchaniu, aktywist\u00f3w wypuszczono po \npodpisaniu dokumentu o zakazie opuszczania kraju. Obecnie aktywi\u015bci \ns\u0105&nbsp;na wolno\u015bci.<\/p>\n\n\n\n<h2 class=\"wp-block-heading\">Czelabi\u0144sk: post\u0119powanie karne za baner \u00abFSB &#8211; g\u0142\u00f3wny terrorysta\u00bb<\/h2>\n\n\n\n<p>W Czelabi\u0144sku pi\u0119ciu aktywist\u00f3w zatrzymano wieczorem 19 lutego 2018 w\n zwi\u0105zku z post\u0119powaniem karnym dot. chuliga\u0144stwa (cz\u0119\u015b\u0107 1 artyku\u0142u 213 \nKK FR), wszcz\u0119tym po akcji przy lokalnym oddziale FSB &#8211; wtedy powieszono\n baner \u00abFSB &#8211; g\u0142\u00f3wny terrorysta\u00bb i rzucono \u015bwiec\u0119 dymn\u0105 za ogrodzenie. \nAkcja zosta\u0142\u0105 przeprowadzona, aby okaza\u0107 solidarno\u015b\u0107 wobec aresztowanych\n anarchist\u00f3w w zwi\u0105zku ze \u00abspraw\u0105&nbsp;z Penzy\u00bb.<\/p>\n\n\n\n<p>Aktywi\u015bci Dmitrij Cybukowskij i Dmitrij Siemionow opowiedzieli, \u017ce po zatrzymaniu <a href=\"https:\/\/avtonom.org\/news\/na-polusognutyh-zaderzhannye-po-delu-o-bannere-fsb-glavnyy-terrorist-v-chelyabinske-rasskazali\">funkcjonariusze FSB stosowali tortury paralizatorem elektrycznym<\/a>,\n \u017c\u0105daj\u0105c aby si\u0119 przyznali, \u017ce powiesili ten baner. Obecnie s\u0105 na \nwolno\u015bci, pod warunkiem nie wyje\u017cd\u017cania z kraju. Mo\u017cna pom\u00f3c z \nop\u0142aceniem adwokat\u00f3w poprzez przekazanie pieni\u0119dzy na<a href=\"https:\/\/avtonom.org\/abc\"> ACK<\/a>-Moskwa z dopiskiem &#8220;na Czelabinsk&#8221; (dane znajduj\u0105&nbsp;si\u0119 na ko\u0144cu artyku\u0142u).<\/p>\n\n\n\n<h2 class=\"wp-block-heading\">Krym: aktywista Karakaszew zosta\u0142 aresztowany za \u00abusprawiedliwianie terroryzmu\u00bb<\/h2>\n\n\n\n<p>W lutym 2018 roku na Krymie FSB <a href=\"https:\/\/avtonom.org\/news\/verhovnyy-sud-kryma-ostavil-anarhista-evgeniya-karakasheva-v-sizo-do-vtorogo-aprelya\">aresztowa\u0142a<\/a> <strong>anarchist\u0119 Jewgienija Karakaszewa<\/strong>,\n kt\u00f3ry jest oskar\u017cany o \u00abrozniecanie nienawi\u015bci\u00bb (artyku\u0142 282 KK FR) i o\n \u00abusprawiedliwianie terroryzmu\u00bb (artyku\u0142 205.2 KK FR) \u2014 jedynie za \npublikowanie filmik\u00f3w w sieci spo\u0142eczno\u015bciowej \u00abVKontakte\u00bb.<\/p>\n\n\n\n<p>Jewgenij zawsze by\u0142 aktywny spo\u0142ecznie, uczestniczy\u0142 w pikiecie przy \nbudynku FSB w Symferopolu, a w listopadzie 2016 roku razem ze swoimi \ntowarzyszam planowa\u0142 przeprowadzenie pikiety \u00abprzeciwko policyjnemu \nbezprawiu na Krymie\u00bb obok budynku MSW w mie\u015bcie Eupatoria. Wtedy \nprzeprowadzenie pikiety zosta\u0142o zabronione przez w\u0142adze Eupatorii.<\/p>\n\n\n\n<p>Karakaszew zosta\u0142 aresztowany i znajduje si\u0119 w areszcie \u015bledczym SIZO-1 w Symferopolu.<\/p>\n\n\n\n<h2 class=\"wp-block-heading\">Administracyjne n\u0119kanie anarchist\u00f3w<\/h2>\n\n\n\n<p>Tak 19 stycznia 2017, jak i 19 stycznia 2018, w rocznic\u0119&nbsp;zab\u00f3jstwa \nadwokata Stanis\u0142awa Markielowa i dziennikarki Anastazji Baburowej, \nodby\u0142y si\u0119 akcje pami\u0119ci w ca\u0142ym kraju, kt\u00f3re s\u0142u\u017cby bezpiecze\u0144stwa \npr\u00f3bowa\u0142y pokrzy\u017cowa\u0107. W 2017 roku w Sewastopolu s\u0142u\u017cby zak\u0142\u00f3ci\u0142y \npojedyncz\u0105 pikiet\u0119, zatrzymano anarchist\u00f3w tak\u017ce w Moskwie, Petersburgu i\n w Murma\u0144sku. Zatrzymania powt\u00f3rzy\u0142y si\u0119 w 2018 roku. W\u0142adze kolejny raz\n pokaza\u0142y, jak w rzeczywisto\u015bci wspieraj\u0105 antyfaszyzm, o kt\u00f3rym tak \ncz\u0119sto m\u00f3wi\u0105 przy okazji dnia zwyci\u0119stwa 9 maja.<\/p>\n\n\n\n<p>23 lutego 2017 bez jakichkolwiek sensownych przyczyn zatrzymano \ndziesi\u0105tki os\u00f3b na lewicowo-radykalnym&nbsp;\u00abDezertir-fe\u015bcie\u00bb&nbsp;na po\u0142udniowym \nwschodzie Moskwy. Koncert by\u0142 og\u0142aszany jako wezwanie do odmowy s\u0142u\u017cby \nwojskowej &#8211; policja uznala t\u0119 propozycj\u0119 za przesadnie radykaln\u0105. W 2018\n roku podobny festiwal nie odby\u0142 si\u0119, poniewa\u017c by\u0142 wcze\u015bniej zak\u0142\u00f3cony \nprzez s\u0142u\u017cby bezpiecze\u0144stwa.<\/p>\n\n\n\n<p>W Irkucku 8 kwietnia 2017 <a href=\"https:\/\/ovdinfo.org\/express-news\/2017\/04\/10\/zaderzhannogo-v-irkutske-anarhista-arestovali-na-10-sutok\">mia\u0142y miejsce<\/a>\n przeszukania z uczestnictwem pododdzia\u0142u SOBR (Specjalny Oddzia\u0142 \nSzybkiego Reagowania) i funkcjonariuszy Centrum Przeciwdzia\u0142ania \nEkstremizmowi. Dziewi\u0119\u0107 os\u00f3b zosta\u0142o aresztowanych i przewiezionych na \nkomisariat. W ko\u0144cu Irkucki S\u0105d Rejonowy anulowal decyzj\u0119 Oktiabrskiego \nS\u0105du Rejonowego w Irkucku o aresztowaniu na sze\u015b\u0107 dni anarchisty Igora \nMartynienko za \u00abniepodporz\u0105dkowanie si\u0119 \u017c\u0105daniom policjant\u00f3w\u00bb podczas \nprzewo\u017cenia na przes\u0142uchanie w roli \u015bwiadka. Wobec jednego z \naktywist\u00f3w&nbsp;\u2014 Dmitrija Litwina&nbsp;\u2014&nbsp;<a href=\"https:\/\/ovdinfo.org\/express-news\/2017\/04\/08\/na-odnogo-iz-zaderzhannyh-v-irkutske-zavedeno-delo-ob-oskorblenii-chuvstv\">wszcz\u0119to post\u0119powanie karne<\/a>\n wed\u0142ug artyku\u0142u 148 KK FR (obraza uczu\u0107 os\u00f3b wierz\u0105cych), pozosta\u0142ych \nprzes\u0142uchiwano w roli \u015bwiadk\u00f3w w ramach tej sprawy &#8211; sami zatrzymani \nbyli pewni, \u017ce g\u0142\u00f3wna przyczyna jest inna: lokalni anarchi\u015bci s\u0105 \nnajbardziej aktywnymi uczestnikami \u017cycia politycznego w mie\u015bcie i \nniejednokrotnie aktywizowali protesty spo\u0142eczne.<\/p>\n\n\n\n<ul class=\"wp-block-list\"><li>\n<strong>\u00abJawno\u015b\u0107, kt\u00f3ra idzie w parze z tymi \twydarzeniami, nie jest \nniepokoj\u0105ca dla funkcjanariuszy, kt\u00f3rzy \tzorganizowali ten teatr. \nPrzyczyna jest prosta: dla nich jest to \tmo\u017cliwo\u015b\u0107 zastraszenia \nmaksymalnej ilo\u015bci &#8220;potencjalnych \tekstremist\u00f3w&#8221;. I to mog\u0142o by \nzadzia\u0142a\u0107, je\u015bli by wszystkie \tte wydarzenia zmusi\u0142y mnie i moich \ntowarzyszy \u017ceby\u015bmy zeszli do \tpodziemia i zapomnieli o ca\u0142ej \ndzia\u0142alno\u015bci, ale to si\u0119 nie \twydarzy. Wszystko dopiero si\u0119&nbsp;zaczyna\u00bb<\/strong>, \u2014 opowiada \tIgor.\n<\/li><\/ul>\n\n\n\n<p>W listopadzie 2017 w Moskwie na turniej ku pami\u0119ci zabitych \nantyfaszyst\u00f3w przyjecha\u0142a policja. Zatrzymana by\u0142a jedna osoba, u kt\u00f3rej\n wzi\u0119to odciski palc\u00f3w. W listopadzie antyfaszy\u015bci tradycyjnie \nwspominaj\u0105 muzyka Timura Kaczaraw\u0119 i organizatora turniej\u00f3w sportowych \nIwana Chutorskiego, kt\u00f3rzy zostali zamordowani przez faszyst\u00f3w.<\/p>\n\n\n\n<h2 class=\"wp-block-heading\">Prze\u015bladowanie rosyjskich aktywist\u00f3w za granic\u0105<\/h2>\n\n\n\n<p>W kwietniu 2017 anarchist\u0119, figuranta sprawy \u201cBo\u0142otny\u201d (\u00ab\u0431\u043e\u043b\u043e\u0442\u043d\u043e\u0435 \u0434\u0435\u043b\u043e\u00bb) <strong>Aleksieja Polichowicza deportowano z Bia\u0142orusi<\/strong>\n po odbyciu 12 dni aresztu za uczestnictwo w zgromadzeniu w Mi\u0144sku, \ngdzie ludzie protestowali przeciwko nowym podatkom. Latem w bia\u0142oruskim \nmie\u015bcie Baranowicze OMON <strong>wtargn\u0105\u0142 na wyk\u0142ad Aleksieja Sutugi<\/strong>, \nkt\u00f3ry chcia\u0142 opowiedzie\u0107, jak w wi\u0119zieniu stawia\u0107 op\u00f3r funkcjonariuszom \ns\u0142u\u017cb. Prawie wszyscy obecni zostali zatrzymani do wieczora. 12 \npa\u017adziernika lokalny s\u0105d <a href=\"https:\/\/pramen.io\/ru\/2017\/10\/v-baranovichah-za-rasprostranenie-ekstremistskih-materialov-osudili-anarhistov\/\">wyda\u0142 wyrok<\/a>\n o przyznaniu skonfiskowanych na wyk\u0142adzie materia\u0142\u00f3w ekstremistycznymi &#8211;\n materia\u0142em zakazanym sta\u0142 si\u0119 jeden numer czasopisma \u00abAutonom\u00bb.<\/p>\n\n\n\n<p>9 pa\u017adziernika 2017 w bia\u0142oruskim mie\u015bcie Grodno <strong>OMON wtargn\u0105\u0142 na wykad filozofa Piotra Riabowa<\/strong>.\n Piotr Riabow to nasz towarzysz anarchista, docent katedry filozofii \nMGPU (Moskiewski Uniwersytet Pedagogiczny), doktor nauk filozoficznych, \nspecjalizuj\u0105cy si\u0119 w my\u015bli anarchistycznej.&nbsp;11 pa\u017adziernika po \nprzeprowadzeniu w Baranowiczach wyk\u0142adu \u00abNieformalny ruch Bia\u0142orusi \n1991-2010\u00bb Riabow zosta\u0142 skazany na 6 dni aresztu za \u00abdystrybucj\u0119 \nmateria\u0142\u00f3w ekstremistycznych\u00bb. Po tym wydarzeniu Wydzia\u0142 ds. \nObywatelstwa i Migracji lokalnej milicji <a href=\"https:\/\/avtonom.org\/news\/petr-ryabov-deportirovan-iz-belarusi-na-10-let\">podj\u0105\u0142 decyzj\u0119<\/a>\n o deportacji Riabowa i zakazie wjazdu na Bia\u0142oru\u015b na 10 lat. W Moskwie \nodby\u0142a si\u0119&nbsp;seria pojedynczych pikiet przeciwko aresztowi Piotra Riabowa \nprzed Ambasad\u0105&nbsp;Bia\u0142orusi, zorganizowano te\u017c&nbsp;wiecz\u00f3r solidarno\u015bci.<\/p>\n\n\n\n<ul class=\"wp-block-list\"><li>\n<strong>\u00abPa\u0144stwo przeceni\u0142o m\u00f3j wk\u0142ad w rewolucyjn\u0105 \tpropagand\u0119: kilka \nmoich wyk\u0142ad\u00f3w odbi\u0142oby si\u0119 mniejszym echem, \tni\u017c ich zakazanie. My\u015bl\u0119, \n\u017ce chodzi o termin &#8220;anarchizm&#8221;. \tW\u0142adze pami\u0119taj\u0105 to, \u017ce anarchi\u015bci \nzostali skazani za \tpodpalenie Ambasady Rosji w 2010 roku, pami\u0119taj\u0105 te\u017c\n to, \u017ce \tanarchi\u015bci w wielu przypadkach stawali na czele masowych \nprotest\u00f3w \tprzeciwko dekretowi o paso\u017cytnictwie\u00bb<\/strong>, \u2014 <a href=\"https:\/\/www.opendemocracy.net\/od-russia\/dmitry-okrest\/turma-eto-idealnoe-stroenie-gosudarstva\">opowiada\u0142<\/a>\n Riabow w wywiadzie po wyj\u015bciu na wolno\u015b\u0107. W 2017 roku anarchi\u015bci \tw \nBia\u0142orusi byli najbardziej aktywn\u0105&nbsp;si\u0142\u0105 protest\u00f3w \tprzeciwko podatkowi o\n paso\u017cytnictwie, kt\u00f3ry w\u0142adze bia\u0142oruskie \tchcia\u0142y narzuci\u0107 na \nbezrobotnych.\n<\/li><\/ul>\n\n\n\n<p>Jesieni\u0105 2017 roku pi\u0119ciu czeskich anarchist\u00f3w, oskar\u017conych o \nterroryzm, zosta\u0142o ca\u0142kowicie uniewinnionych. To wa\u017cna dla nas \ninformacja, poniewa\u017c&nbsp;wcze\u015bniej w zwi\u0105zku z tym status podejrzanego mia\u0142 \nmieszkaj\u0105cy w Pradze Igor Szewcow, pochodz\u0105cy z Irkucka. W 2016 roku \nczeski s\u0105d wyda\u0142 wyrok na Szewcowa. S\u0105d przyzna\u0142, \u017ce w sprawie ataku na \ndom ministra obrony nie ma wystarczaj\u0105cych dowod\u00f3w (jednak s\u0119dziowie \npodkre\u015blili swoj\u0105 odmow\u0119 uznania go za niewinnego \u2013 wydanie wyroku nie \nby\u0142o mo\u017cliwe ze wzgl\u0119du na brak wystarczaj\u0105cych dowod\u00f3w) i zwolni\u0142 Igora\n z oskar\u017ce\u0144 o napa\u015b\u0107 z \u00abkoktajlami Mo\u0142otowa\u00bb na dom ministra. \u00abOd samego\n pocz\u0105tku m\u00f3wili\u015bmy, \u017ce to priorytetowe zadanie policji, a nie \nimponuj\u0105ce wyroki odsiadki dla anarchist\u00f3w i anarchistek. Aparat \nrepresji nie boi si\u0119 nas jako takich. To, co ich naprawd\u0119 przera\u017ca, to \nto, \u017ce nasze idee zara\u017caj\u0105 coraz wi\u0119ksz\u0105 liczb\u0119&nbsp;os\u00f3b i, co gorsza, \nmogliby\u015bmy zacz\u0105\u0107 stosowa\u0107 niesko\u0144czon\u0105 r\u00f3\u017cnorodno\u015b\u0107 taktyk\u00bb, \u2014 <a href=\"https:\/\/antifenix.noblogs.org\/post\/2017\/09\/24\/ru-%D1%82%D1%80%D0%B8-%D0%B3%D0%BE%D0%B4%D0%B0-%D0%BD%D0%B5%D0%B4%D0%BE%D1%81%D1%82%D0%B0%D1%87%D0%B8-%D0%B4%D0%BE%D0%BA%D0%B0%D0%B7%D0%B0%D1%82%D0%B5%D0%BB%D1%8C%D1%81%D1%82%D0%B2-%D1%87%D0%B5\/\">mo\u017cemy przeczyta\u0107<\/a> w o\u015bwiadczeniu w tej sprawie.<\/p>\n\n\n\n<h2 class=\"wp-block-heading\">Wie\u015bci z wi\u0119zie\u0144<\/h2>\n\n\n\n<p><strong>Mieszkaniec Krymu Aleksandr Kolczenko<\/strong>, kt\u00f3rego wielu zna jako \nTundr\u0119, w wi\u0119zieniu \u015bwi\u0119towa\u0142 ju\u017c 28 urodziny \u2014 pomimo niedawno \nprzeprowadzonej wymiany je\u0144c\u00f3w mi\u0119dzy Ukrain\u0105 i L-DNR, on wci\u0105\u017c znajduje\n si\u0119 w wi\u0119zieniu. Ukraina obieca\u0142a wyda\u0107 rosyjskich wojskowych w zamian \nza Sencowa i Kolczenk\u0119, ale pomimo rozm\u00f3w nic wi\u0119cej si\u0119 nie wydarzy\u0142o. \nNa urodziny antyfaszysty na lotniskach Ukrainy, Czech i Polski \nzporganizowano akcj\u0119 \u00abDaremne oczekiwanie\u00bb. Aktywi\u015bci z tabliczkami, na \nkt\u00f3rych napisane by\u0142y imiona wi\u0119\u017anionych w Rosji Ukrai\u0144c\u00f3w, stali w \npoczekalni.<\/p>\n\n\n\n<p>Anarchist\u0119&nbsp;Kolczenko w\u0142adze rosyjskie skaza\u0142y na 10 lat wi\u0119zienia w \nsprawie tak zwanych \u00abkrymskich terroryst\u00f3w\u00bb \u2014 uczestniczy\u0142 w akcjach \nprzeciwko wprowadzeniu wojsk rosyjskich na p\u00f3\u0142wysep, a w szczeg\u00f3lno\u015bci \nuczestniczy\u0142&nbsp;w podpaleniu lokalnego oddzia\u0142u partii \u00abJedna Rosja\u00bb i \nbiura nacjonalistycznej \u00abrosyjskiej Wsp\u00f3lnoty Krymu\u00bb. W listopadzie u \nskazanego zdiagnozowano \u00abniedowag\u0119\u00bb.&nbsp;W tym samym czasie FSIN (Federalna \nS\u0142u\u017cba Wykonania Kar FR) odm\u00f3wi\u0142a mu w podj\u0119ciu zaocznych studi\u00f3w na \nukrai\u0144skim uniwersytecie.<\/p>\n\n\n\n<p><em>Napisa\u0107 list do Aleksandra Kolczenko mo\u017cna na adres: 456612, \u0427\u0435\u043b\u044f\u0431\u0438\u043d\u0441\u043a\u0430\u044f \u043e\u0431\u043b., \u041a\u043e\u043f\u0435\u0439\u0441\u043a, \u0443\u043b. \u041a\u0435\u043c\u0435\u0440\u043e\u0432\u0441\u043a\u0430\u044f, 20, \u0418\u041a-<\/em><em>6, \u043e\u0442\u0440\u044f\u0434 4, \u041a\u043e\u043b\u044c\u0447\u0435\u043d\u043a\u043e \u0410\u043b\u0435\u043a\u0441\u0430\u043d\u0434\u0440\u0443 \u0410\u043b\u0435\u043a\u0441\u0430\u043d\u0434\u0440\u043e\u0432\u0438\u0447\u0443, 1989 \u0433.\u0440. \u2014 lub za pomoc\u0105 pocztowego serwisu&nbsp;\u00abRosuznika\u00bb.<\/em><\/p>\n\n\n\n<p><strong>W Mordowii odbywa wyrok anarchista Ilja Romanow<\/strong>, kt\u00f3rego s\u0105d \nwojenny nazwa\u0142 \u00abterroryst\u0105\u00bb. Romanow ucierpia\u0142 od wybuchu petardy \nw\u0142asnej produkcji w pa\u017adzierniku 2013 roku, ale w wyniku stara\u0144 \nni\u017cnonowogrodzkiego centrum \u00abE\u00bb z eksperymentatora-nieudacznika zamieni\u0142\n si\u0119 w \u00abterroryst\u0119\u00bb i dosta\u0142 wyrok 10 lat w kolonii karnej. Z powodu \nwybuchu Romanow straci\u0142 d\u0142o\u0144.<\/p>\n\n\n\n<p>W kwietniu 2017 roku Europejski Trybuna\u0142 Praw Cz\u0142owieka rozpatrzy\u0142 \njedn\u0105 ze skarg Romanowa i przyzna\u0142 mu 3 400 euro odszkodowania za \nnieuzasadnione d\u0142ugie przebywanie w areszcie w czasie prowadzenia \n\u015bledztwa. W maju Romanowa umie\u015bcili w celi na cztery miesi\u0105ce, a w lipcu\n wszcz\u0119li <a href=\"https:\/\/zona.media\/news\/2017\/07\/03\/romanov-delo\">nowe post\u0119powanie<\/a>\n &#8211; o &#8220;nawo\u0142ywnie do terroryzmu&#8221;, przypisuj\u0105c mu opublikowanie na stronie\n w Facebook&#8217;u filmiku z islamistami, dyskutuj\u0105cymi o jihadzie. \nRzeczywist\u0105 przyczyn\u0105 wszcz\u0119cia post\u0119powania karnego s\u0105 satyryczne \nfilmiki Ilji, w kt\u00f3rych odprawia on \u201cczary\u201d przeciwko Putinowi.<\/p>\n\n\n\n<ul class=\"wp-block-list\"><li>\n<strong>\u201cObecne pa\u0144stwo rosyjskie nie wydziela \toddzielnej kategorii \n\u201cpolitycznych\u201d. Z punktu widzenia prawa, \twszyscy wi\u0119\u017aniowie to \nkryminali\u015bci. Dlatego nie ma specjalnych \twi\u0119zie\u0144 dla politycznych, \njednak wi\u0119\u017ani\u00f3w osadzonych w zwi\u0105zku \tz polityk\u0105, zazwyczaj wioz\u0105 do \nMordowii albo na P\u00f3\u0142noc.<\/strong>\n<\/li><\/ul>\n\n\n\n<p><strong>Niedawno\n w telewizji jaki\u015b funkcjonariusz FSB poinformowa\u0142 o \u201cdu\u017cym \nosi\u0105gni\u0119ciu\u201d: w Rosji jest oko\u0142o dwa tysi\u0105ce skazanych za przest\u0119pstwa \n\u201co <\/strong><strong>tendencji<\/strong><strong> terrorystyczn<\/strong><strong>ej<\/strong><strong>\u201d. Kim oni s\u0105 i gdzie si\u0119 znajduj\u0105? Zak\u0142adam, \u017ce wi\u0119kszo\u015b\u0107 to m\u0142odzi muzu\u0142amnie z Kaukazu\u201d \u2013 <\/strong><strong>pisze w jednym z list\u00f3w anarchista (z tekstu Romanowa \u201cW kt\u00f3rym wieku \u017cyje Mordowia? Wi\u0119zienna miedzynarod\u00f3wka we wsi Leplej\u201d)<\/strong><\/p>\n\n\n\n<p><em>Ilja Romanow znajduje si\u0119 w areszcie SIZO-1 Saranska, adres:<\/em> 430003 \u0420\u0435\u0441\u043f\u0443\u0431\u043b\u0438\u043a\u0430 \u041c\u043e\u0440\u0434\u043e\u0432\u0438\u044f, \u0433.\u0421\u0430\u0440\u0430\u043d\u0441\u043a, \u0443\u043b.\u0420\u0430\u0431\u043e\u0447\u0430\u044f 147, \u0421\u0418\u0417\u041e-1, \u0420\u043e\u043c\u0430\u043d\u043e\u0432\u0443 \u0418\u043b\u044c\u0435 \u042d\u0434\u0443\u0430\u0440\u0434\u043e\u0432\u0438\u0447\u0443, 1967 \u0433.\u0440<em>. Napisa\u0107 list mo\u017cna tak\u017ce za pomoc\u0105 serwisu \u201cRosuznika\u201d.<\/em><\/p>\n\n\n\n<p><strong>W ko\u0144cu na wolno\u015bci<\/strong><\/p>\n\n\n\n<p>W maju 2017 anarchista Aleksiej Sutuga wyszed\u0142 z kolonii karnej IK-14\n w Angarsku. We wrze\u015bniu 2014 roku Sutug\u0119, znanego jako Sokrat, skazali \nna trzy lata i miesi\u0105c kolonii karnej. Sam antyfaszysta nie przyzna\u0142 si\u0119\n do winy: pr\u00f3bowa\u0142 rozdzieli\u0107 osoby podczas b\u00f3jki, kt\u00f3ra zacz\u0119\u0142a si\u0119 w \nkawiarni, ale nikogo nie bi\u0142. Poszkodowani w tej sprawie byli blisko \nzwi\u0105zani z rosyjskimi neonazistami, jeden z nich \u2013 Rustam Mirza \u2013 nie \npierwszy raz uczestniczy\u0142 w sprawach przeciwko antyfaszystom jako \nposzkodowany lub \u015bwiadek.<\/p>\n\n\n\n<ul class=\"wp-block-list\"><li>\n<strong>\u201cNie umiesz rozmawia\u0107 z glinami, to lepiej nie \tgadaj. Wszcz\u0119li \npost\u0119powanie karne \u2013 walcz o swoj\u0105 wolno\u015b\u0107. \tZamkn\u0119li \u2013 to nie znaczy, \n\u017ce walka o twoj\u0105 wolno\u015b\u0107 si\u0119 \tsko\u0144czy\u0142a. Ograniczaj\u0105 ci\u0119 murami, \nograniczaj\u0105 twoje kontakty, \tale i w wi\u0119zieniu mo\u017cna pozosta\u0107 wolnym. \nTrudno to poj\u0105\u0107, ale \ttak jest. Nie trzeba da\u0107 si\u0119 umie\u015bci\u0107 w wi\u0119zieniu,\n ale te\u017c nie \twolno si\u0119 ba\u0107 wi\u0119zienia\u201d \u2013 <\/strong><strong>m\u00f3wi\u0142 \ttowarzyszom po wyj\u015bciu z rosyjskiego wi\u0119zienia Sutuga.<\/strong>\n<\/li><\/ul>\n\n\n\n<p>W pa\u017adzierniku 2017 antyfaszysta z Tomska Jegor Aleksiejew ukry\u0142 si\u0119 \nna dzie\u0144 przed og\u0142oszeniem wyroku. Obecnie jest bezpieczny, ale nie \nzdradza swojego miejsca przebywania. Wed\u0142ug s\u0142\u00f3w Jegora, zdecydowa\u0142 si\u0119 \nukry\u0107 si\u0119 przed \u201crosyjskim wymiarem sprawiedliwo\u015bci\u201d, poniewa\u017c ba\u0142 si\u0119, \n\u017ce dostanie wyrok skazuj\u0105cy, z pozbawieniem wolno\u015bci. Post\u0119powanie karne\n przeciwko Jegorowi Aleksiejowi by\u0142o sfabrykowane w grudniu 2014 roku \nwed\u0142ug cz\u0119\u015bci 1 artyku\u0142u 282 KK FR \u2013 za rozniecenie nienawi\u015bci lub \nwrogo\u015bci w stosunku do grupy spo\u0142ecznej \u201cfunkcjonariuszy policji\u201d. \nWed\u0142ug wersji \u015bwiadka, w czerwcu 2014 roku Jegor Aleksiejew na swojej \nstronie, na koncie \u201cMiros\u0142aw Mudryj\u201d w sieci spo\u0142eczno\u015bciowej \n\u201cVKontakte\u201d opublikowa\u0142 wideo \u201cAnarchi\u015bci_Antyfaszy\u015bci\u201d pod piosenk\u0119 \nkolektywu raper\u00f3w \u00abThe Cryme Scene\u00bb \u2014 \u201cD\u017awi\u0119ki Rewolucji\u201d (\u00ab\u0417\u0432\u0443\u043a\u0438 \n\u0420\u0435\u0432\u043e\u043b\u044e\u0446\u0438\u0438\u00bb).<\/p>\n\n\n\n<p>Na pocz\u0105tku listopada \n2017 historyk i anarchista Dmitrij Buczenkow precyzyjnie uciek\u0142 z \naresztu domowego i w tym momencie znajduje si\u0119 w Europie. Umieszczaj\u0105c \nBuczenkowa pod aresztem domowym funkcjonariusze FSIN (Federalna S\u0142u\u017cba \nWykonania Kar FR), wbrew utartej praktyce, nie za\u0142o\u017cyli mu \nelektronicznej bransoletki, z powodu braku sprz\u0119tu. Buczenkow by\u0142 35 \nfigurantem sprawy \u201cBo\u0142otny\u201d (od nazwy placu w Moskwie, gdzie mia\u0142y \nmiejsce protesty), kt\u00f3ra zacz\u0119\u0142a si\u0119 po pr\u00f3bie samoobrony obywateli \nprzed agresywnymi dzia\u0142aniami policji 6 maja 2012 roku.<\/p>\n\n\n\n<ul class=\"wp-block-list\"><li>\n<strong>\u201cKiedy wydarzy si\u0119 rewolucja, czy b\u0119dziemy \tmogli co\u015b zrobi\u0107? \nZrobi\u0107 tak, \u017ceby cz\u0119\u015b\u0107 spo\u0142ecze\u0144stwa, \tkt\u00f3ra nieuchronnie b\u0119dzie \nwci\u0105gni\u0119ta w wydarzenia i b\u0119dzie si\u0119 \tpo\u015bwi\u0119ca\u0107, \u017ceby nie po\u015bwi\u0119ca\u0142a si\u0119\n daremnie i nie w imi\u0119 \tkolejnego nowego prezydenta? W\u0142adza Putina \nraczej sko\u0144czy si\u0119 \tnieprostymi spo\u0142eczno-politycznymi wydarzeniami, i \nim d\u0142u\u017cej on \tjest u w\u0142adzy, tym wi\u0119ksze prawdopodobie\u0144stwo tych \nwydarze\u0144. W \thistorii rosji zawsze jest tak: po d\u0142ugim okresie w\u0142adzy \t\nautorytarnej nadchodzi okres wojny domowej\u201d \u2013 <\/strong><strong>opowiada \tDmitrij w wywiadzie ju\u017c po ucieczce.<\/strong>\n<\/li><\/ul>\n\n\n\n<p>Wed\u0142ug \u015bledczych, 6 maja 2012 roku Buczenkow rzekomo napad\u0142 na \npolicjant\u00f3w i przewraca\u0142 toi-toie. Organy represji  doskonale wiedz\u0105, \u017ce\n to k\u0142amstwo \u2013 Buczenkowa w og\u00f3le nie by\u0142o tego dnia na placu Bo\u0142otnym w\n Moskwie, odwiedzia\u0142 rodzic\u00f3w w Ni\u017cnym Nowogrodzie. Cz\u0142owiek, kt\u00f3ry \nzosta\u0142 nagrany na wideo i o kt\u00f3rym \u015bledczy twierdz\u0105, \u017ce to Dmitrij, \nabsolutnie nie jest do niego podobny. Skarga na jego aresztowanie i \nprze\u015bladowanie polityczne zosta\u0142a skierowana przez adwokata do \nEuropejskiego Trybuna\u0142u Praw Cz\u0142owieka. Obecnie Buczenkow oswaja si\u0119 z \nnowym miejscem i przygotowuje si\u0119 do tego, aby znowu by\u0107 w gotowo\u015bci \u2013 w\n czasie, gdy by\u0142 uwi\u0119ziony nie traci\u0142 czasu na darmo i przygotowa\u0142 kilka\n materia\u0142\u00f3w historycznych o ludowym oporze.<\/p>\n\n\n\n<p>Wesprze\u0107 ACK Moskwa mo\u017cna poprzez Paypal:<strong> \n <a href=\"mailto:abc-msk@riseup.net\">abc-msk@riseup.net<\/a><\/strong><\/p>\n\n\n\n<p>\u017ar\u00f3d\u0142o: avtonom.org<\/p>\n\n\n\n<p><strong>\u0105d zosta\u0142 przygotowany przez kolektyw ACK-Moskwa<\/strong><\/p>\n\n\n\n<figure class=\"wp-block-image\"><img decoding=\"async\" src=\"https:\/\/scontent-arn2-1.xx.fbcdn.net\/v\/t1.0-9\/29342838_1667505586670988_3819037447329677312_n.jpg?_nc_cat=0&amp;oh=b9eca3389cc50f3e1751d0db1d7a336d&amp;oe=5AFF9E2B\" alt=\"\"\/><\/figure>\n\n\n\n<p>Przedstawiamy\n wam przegl\u0105d represji w stosunku do anarchist\u00f3w i aktywist\u00f3w \nwolno\u015bciowych w 2017 roku i na pocz\u0105tku 2018 roku &#8211; w\u0142adze ze \nzdwojon\u0105&nbsp;si\u0142\u0105 kontynuuj\u0105 wsadzanie do areszt\u00f3w i n\u0119kanie naszych \ntowarzyszy. Anarchi\u015bci.tki poddawani.e s\u0105&nbsp;represjom w wi\u0119zieniach, ale \nnie trac\u0105&nbsp;si\u0142y ducha. W zesz\u0142ym roku nasz kolektyw nieregularnie \npublikowa\u0142 raporty i je\u015bli uwa\u017cacie, \u017ce przeoczyli\u015bmy co\u015b wa\u017cnego, albo \nznacie inne przypadki represji, prosimy o pisanie na adres&nbsp;<a href=\"mailto:abc-msk@riseup.net\">abc-msk@riseup.net<\/a>\n\nAresztowania i torturowanie anarchist\u00f3w w Penzie i w Petersburgu\n<\/p>\n\n\n\n<p>Rosyjskie s\u0142u\u017cby fabrykuj\u0105 ogromn\u0105&nbsp;spraw\u0119&nbsp;karn\u0105 przeciwko anarchistom i antyfaszystom,\n kt\u00f3rych FSB nazywa cz\u0142onkami \u00abzrzeszenia terrorystycznego\u00bb o nazwie \n\u00abSie\u0107\u00bb, kt\u00f3re rzekomo przygotowywa\u0142o zamachy terrorystyczne na czas \nwybor\u00f3w prezydenta w marcu 2018 roku i na mistrzostwa \u015bwiata w pi\u0142ce \nno\u017cnej, kt\u00f3re odb\u0119d\u0105&nbsp;si\u0119 w rosji latem tego samego roku.<\/p>\n\n\n\n<p>Post\u0119powanie karne dot. \u00abzrzeszenia terrorystycznego\u00bb (cz\u0119\u015b\u0107 2 \nartyku\u0142u 205.4 KK) zosta\u0142o wszcz\u0119te w Penzie w pa\u017adzierniku 2017 roku. \nWtedy w ci\u0105gu miesi\u0105ca w Penzie zatrzymano Jegora Zorina, Ilj\u0119 \nSzakurskiego, Wasilija Kuksowa, Dmitrija Pczelincewa i Andrieja \nCzernowa. Wtedy te\u017c zatrzymano w Petersburgu i odwieziono do Penzy \nArmana Sagynbajewa. W styczniu w Petersburgu zatrzymano Wiktora \nFilinkowa i Igora Szyszkina.<\/p>\n\n\n\n<p>Krewni aktywist\u00f3w z Penzy <a href=\"https:\/\/ovdinfo.org\/articles\/2018\/01\/29\/straykbol-penzenskoe-delo-antifashistov\">opowiadali<\/a>, \u017ce aresztowanym podczas zatrzymania podrzucono bro\u0144, a potem byli torturowani. O torturach opowiedzia\u0142 Wiktor Filinkow, <a href=\"https:\/\/zona.media\/article\/2018\/02\/09\/penza-tortures\">Dmitrij Pczelincew<\/a> i <a href=\"https:\/\/zona.media\/article\/2018\/02\/16\/shakursky\">Ilja Szakurskij<\/a>, oraz <a href=\"https:\/\/avtonom.org\/news\/ilya-kapustin-o-tom-kak-ego-pytali-sotrudniki-fsb-oni-skazali-chto-mogut-perelomat-mne-nogi-i\">Ilja Kapustin<\/a>,\n kt\u00f3rego wypuszczono, pozostawiaj\u0105c mu status \u015bwiadka. Igor Szyszkin nie\n poinformowa\u0142 o torturach, jednak lekarze zdiagnozowali u antyfaszysty \nz\u0142amanie dolnej \u015bcianki oczodo\u0142u, wiele krwiak\u00f3w i zadrapa\u0144, a na jego \nciele zarejestrowano wiele \u015blad\u00f3w, podobnych do oparze\u0144 spowodowanych \nprzewodami elektrycznymi.<\/p>\n\n\n\n<ul class=\"wp-block-list\"><li>\n<strong>\u00abRa\u017cenie pr\u0105dem w nog\u0119&nbsp;by\u0142o na przemian z \tra\u017ceniem pr\u0105dem w \nkajdanki. Czasami bi\u0142 w plecy albo w \tpotylic\u0119-ciemi\u0119, by\u0142o uczucie, \u017ce \nbije z ty\u0142u g\u0142owy. Kiedy \tkrzycza\u0142em, zaciskali mi usta i grozili \nkneblem, ta\u015bm\u0105, zatkaniem \tust. Nie chcia\u0142em knebla i stara\u0142em si\u0119&nbsp;nie \nkrzycze\u0107, nie \tzawsze si\u0119&nbsp;udawa\u0142o\u00bb<\/strong>, \u2014 tak Wiktor Filinkow \t<a href=\"https:\/\/avtonom.org\/news\/ty-poymi-oficery-fsb-vsegda-dobivayutsya-svoih-celey-antifashist-viktor-filinkov-rasskazyvaet-o\">opowiada\u0142<\/a> o torturach w mikrobusie FSB.\n<\/li><\/ul>\n\n\n\n<p>Wszyscy zatrzymani w ramach tej sprawy s\u0105 w ci\u0119\u017ckim stanie, grozi im \npowt\u00f3rka z tortur, i bardzo potrzebuj\u0105&nbsp;waszego wsparcia &#8211; i waszej \nsolidarno\u015bci. Aresztowanym mo\u017cna i trzeba pisa\u0107&nbsp;listy:<\/p>\n\n\n\n<p><strong>W Petersburgu:<\/strong>:<br> Dok\u0105d: 191123, \u0421\u0430\u043d\u043a\u0442-\u041f\u0435\u0442\u0435\u0440\u0431\u0443\u0440\u0433, \u0443\u043b \u0428\u043f\u0430\u043b\u0435\u0440\u043d\u0430\u044f, \u0434 25, \u0424\u041a\u0423 \u0421\u0418\u0417\u041e-3 \u0424\u0421\u0418\u041d \u0420\u043e\u0441\u0441\u0438\u0438<\/p>\n\n\n\n<p>Komu: \u0428\u0438\u0448\u043a\u0438\u043d\u0443 \u0418\u0433\u043e\u0440\u044e \u0414\u043c\u0438\u0442\u0440\u0438\u0435\u0432\u0438\u0447\u0443 24.08.1991 \u0433.\u0440.,<\/p>\n\n\n\n<p>\u0424\u0438\u043b\u0438\u043d\u043a\u043e\u0432\u0443 \u0412\u0438\u043a\u0442\u043e\u0440\u0443 \u0421\u0435\u0440\u0433\u0435\u0435\u0432\u0438\u0447\u0443, 08.11.1994 \u0433.\u0440.<\/p>\n\n\n\n<p><strong>W Penzie:<\/strong><br> Dok\u0105d: \u0424\u041a\u0423 \u0421\u0418\u0417\u041e-1, \u0443\u043b. \u041a\u0430\u0440\u0430\u043a\u043e\u0437\u043e\u0432\u0430, \u0434. 30, \u041f\u0435\u043d\u0437\u0430, \u041f\u0435\u043d\u0437\u0435\u043d\u0441\u043a\u0430\u044f \u043e\u0431\u043b., \u0420\u043e\u0441\u0441\u0438\u044f, 440039<\/p>\n\n\n\n<p>Komu: \u041a\u0443\u043a\u0441\u043e\u0432\u0443 \u0412\u0430\u0441\u0438\u043b\u0438\u044e \u0410\u043b\u0435\u043a\u0441\u0435\u0435\u0432\u0438\u0447\u0443, 1988 \u0433.\u0440.<\/p>\n\n\n\n<p>\u0421\u0430\u0433\u044b\u043d\u0431\u0430\u0435\u0432\u0443 \u0410\u0440\u043c\u0430\u043d\u0443 \u0414\u0430\u0443\u043b\u0435\u0442\u043e\u0432\u0438\u0447\u0443, 1992 \u0433.\u0440.<\/p>\n\n\n\n<p>\u041f\u0447\u0435\u043b\u0438\u043d\u0446\u0435\u0432\u0443 \u0414\u043c\u0438\u0442\u0440\u0438\u044e \u0414\u043c\u0438\u0442\u0440\u0438\u0435\u0432\u0438\u0447\u0443, 1992 \u0433.\u0440.<\/p>\n\n\n\n<p>\u0427\u0435\u0440\u043d\u043e\u0432\u0443 \u0410\u043d\u0434\u0440\u0435\u044e \u0421\u0435\u0440\u0433\u0435\u0435\u0432\u0438\u0447\u0443, 1989 \u0433.\u0440.<\/p>\n\n\n\n<p>\u0428\u0430\u043a\u0443\u0440\u0441\u043a\u043e\u043c\u0443 \u0418\u043b\u044c\u0435 \u0410\u043b\u0435\u043a\u0441\u0430\u043d\u0434\u0440\u043e\u0432\u0438\u0447\u0443, 1996 \u0433.\u0440.<\/p>\n\n\n\n<p>Napisa\u0107&nbsp;mo\u017cna te\u017c&nbsp;za pomoc\u0105&nbsp;serwisu pocztowego <a href=\"http:\/\/rosuznik.org\/\">\u00abRosuzinka\u00bb<\/a>. Jegor Zorin ma areszt domowy, dlatego nie ma sensu pisa\u0107&nbsp;do niego do aresztu.<\/p>\n\n\n\n<h2 class=\"wp-block-heading\">Moskwa: sprawa karna dot. rozbitego okna biura partii politycznej \u00abJedna Rosja\u00bb (\u00ab\u0415\u0434\u0438\u043d\u0430\u044f \u0420\u043e\u0441\u0441\u0438\u044f\u00bb)<\/h2>\n\n\n\n<p>Dwoje aktywist\u00f3w.ek <strong>Jelena Gorba\u0144 i Aleksiej Kobaidze<\/strong>, zostali\n oskar\u017ceni o wandalizm (cz\u0119\u015b\u0107 1 artyku\u0142u 214 KK FR) w zwi\u0105zku ze \nspraw\u0105&nbsp;rozbitego okna w biurze partii \u00abJedna Rosja\u00bb. 31 stycznia 2018 \nnieznani aktywi\u015bci rozbili okno w jednym z oddzia\u0142\u00f3w partii \u00abJedna \nRosja\u00bb w Moskwie i wrzucili do \u015brodka podpalon\u0105 flar\u0119 na znak protestu \nprzeciwko spektaklowi pod tytu\u0142em \u00abwybory prezydenta Federacji \nRosyjskiej\u00bb.<\/p>\n\n\n\n<p>\u00abNiewa\u017cne kto zostanie prezydentem, ich polityka &#8211; to zawsze opresja i\n wyzysk prostych pracownik\u00f3w. My, anarchi\u015bci, proponujemy zamiast \nprezydent\u00f3w i innych pa\u0144stwowych instytucji samorz\u0105dno\u015b\u0107 i \ndemokracj\u0119&nbsp;uczestnicz\u0105c\u0105. Do\u0142\u0105czajcie si\u0119&nbsp;do naszej walki!\u00bb \u2014 <a href=\"https:\/\/vk.com\/wall-34380444_158884?w=wall-34380444_158884\">g\u0142osi\u0142o<\/a> ich o\u015bwiadczenie.<\/p>\n\n\n\n<p>Si\u0142y bezpiecze\u0144stwa w\u0142ama\u0142y si\u0119 do mieszka\u0144, gdzie mieszkali Gorba\u0144 i\n Kobaindze, 13 lutego. Po przes\u0142uchaniu, aktywist\u00f3w wypuszczono po \npodpisaniu dokumentu o zakazie opuszczania kraju. Obecnie aktywi\u015bci \ns\u0105&nbsp;na wolno\u015bci.<\/p>\n\n\n\n<h2 class=\"wp-block-heading\">Czelabi\u0144sk: post\u0119powanie karne za baner \u00abFSB &#8211; g\u0142\u00f3wny terrorysta\u00bb<\/h2>\n\n\n\n<p>W Czelabi\u0144sku pi\u0119ciu aktywist\u00f3w zatrzymano wieczorem 19 lutego 2018 w\n zwi\u0105zku z post\u0119powaniem karnym dot. chuliga\u0144stwa (cz\u0119\u015b\u0107 1 artyku\u0142u 213 \nKK FR), wszcz\u0119tym po akcji przy lokalnym oddziale FSB &#8211; wtedy powieszono\n baner \u00abFSB &#8211; g\u0142\u00f3wny terrorysta\u00bb i rzucono \u015bwiec\u0119 dymn\u0105 za ogrodzenie. \nAkcja zosta\u0142\u0105 przeprowadzona, aby okaza\u0107 solidarno\u015b\u0107 wobec aresztowanych\n anarchist\u00f3w w zwi\u0105zku ze \u00abspraw\u0105&nbsp;z Penzy\u00bb.<\/p>\n\n\n\n<p>Aktywi\u015bci Dmitrij Cybukowskij i Dmitrij Siemionow opowiedzieli, \u017ce po zatrzymaniu <a href=\"https:\/\/avtonom.org\/news\/na-polusognutyh-zaderzhannye-po-delu-o-bannere-fsb-glavnyy-terrorist-v-chelyabinske-rasskazali\">funkcjonariusze FSB stosowali tortury paralizatorem elektrycznym<\/a>,\n \u017c\u0105daj\u0105c aby si\u0119 przyznali, \u017ce powiesili ten baner. Obecnie s\u0105 na \nwolno\u015bci, pod warunkiem nie wyje\u017cd\u017cania z kraju. Mo\u017cna pom\u00f3c z \nop\u0142aceniem adwokat\u00f3w poprzez przekazanie pieni\u0119dzy na<a href=\"https:\/\/avtonom.org\/abc\"> ACK<\/a>-Moskwa z dopiskiem &#8220;na Czelabinsk&#8221; (dane znajduj\u0105&nbsp;si\u0119 na ko\u0144cu artyku\u0142u).<\/p>\n\n\n\n<h2 class=\"wp-block-heading\">Krym: aktywista Karakaszew zosta\u0142 aresztowany za \u00abusprawiedliwianie terroryzmu\u00bb<\/h2>\n\n\n\n<p>W lutym 2018 roku na Krymie FSB <a href=\"https:\/\/avtonom.org\/news\/verhovnyy-sud-kryma-ostavil-anarhista-evgeniya-karakasheva-v-sizo-do-vtorogo-aprelya\">aresztowa\u0142a<\/a> <strong>anarchist\u0119 Jewgienija Karakaszewa<\/strong>,\n kt\u00f3ry jest oskar\u017cany o \u00abrozniecanie nienawi\u015bci\u00bb (artyku\u0142 282 KK FR) i o\n \u00abusprawiedliwianie terroryzmu\u00bb (artyku\u0142 205.2 KK FR) \u2014 jedynie za \npublikowanie filmik\u00f3w w sieci spo\u0142eczno\u015bciowej \u00abVKontakte\u00bb.<\/p>\n\n\n\n<p>Jewgenij zawsze by\u0142 aktywny spo\u0142ecznie, uczestniczy\u0142 w pikiecie przy \nbudynku FSB w Symferopolu, a w listopadzie 2016 roku razem ze swoimi \ntowarzyszam planowa\u0142 przeprowadzenie pikiety \u00abprzeciwko policyjnemu \nbezprawiu na Krymie\u00bb obok budynku MSW w mie\u015bcie Eupatoria. Wtedy \nprzeprowadzenie pikiety zosta\u0142o zabronione przez w\u0142adze Eupatorii.<\/p>\n\n\n\n<p>Karakaszew zosta\u0142 aresztowany i znajduje si\u0119 w areszcie \u015bledczym SIZO-1 w Symferopolu.<\/p>\n\n\n\n<h2 class=\"wp-block-heading\">Administracyjne n\u0119kanie anarchist\u00f3w<\/h2>\n\n\n\n<p>Tak 19 stycznia 2017, jak i 19 stycznia 2018, w rocznic\u0119&nbsp;zab\u00f3jstwa \nadwokata Stanis\u0142awa Markielowa i dziennikarki Anastazji Baburowej, \nodby\u0142y si\u0119 akcje pami\u0119ci w ca\u0142ym kraju, kt\u00f3re s\u0142u\u017cby bezpiecze\u0144stwa \npr\u00f3bowa\u0142y pokrzy\u017cowa\u0107. W 2017 roku w Sewastopolu s\u0142u\u017cby zak\u0142\u00f3ci\u0142y \npojedyncz\u0105 pikiet\u0119, zatrzymano anarchist\u00f3w tak\u017ce w Moskwie, Petersburgu i\n w Murma\u0144sku. Zatrzymania powt\u00f3rzy\u0142y si\u0119 w 2018 roku. W\u0142adze kolejny raz\n pokaza\u0142y, jak w rzeczywisto\u015bci wspieraj\u0105 antyfaszyzm, o kt\u00f3rym tak \ncz\u0119sto m\u00f3wi\u0105 przy okazji dnia zwyci\u0119stwa 9 maja.<\/p>\n\n\n\n<p>23 lutego 2017 bez jakichkolwiek sensownych przyczyn zatrzymano \ndziesi\u0105tki os\u00f3b na lewicowo-radykalnym&nbsp;\u00abDezertir-fe\u015bcie\u00bb&nbsp;na po\u0142udniowym \nwschodzie Moskwy. Koncert by\u0142 og\u0142aszany jako wezwanie do odmowy s\u0142u\u017cby \nwojskowej &#8211; policja uznala t\u0119 propozycj\u0119 za przesadnie radykaln\u0105. W 2018\n roku podobny festiwal nie odby\u0142 si\u0119, poniewa\u017c by\u0142 wcze\u015bniej zak\u0142\u00f3cony \nprzez s\u0142u\u017cby bezpiecze\u0144stwa.<\/p>\n\n\n\n<p>W Irkucku 8 kwietnia 2017 <a href=\"https:\/\/ovdinfo.org\/express-news\/2017\/04\/10\/zaderzhannogo-v-irkutske-anarhista-arestovali-na-10-sutok\">mia\u0142y miejsce<\/a>\n przeszukania z uczestnictwem pododdzia\u0142u SOBR (Specjalny Oddzia\u0142 \nSzybkiego Reagowania) i funkcjonariuszy Centrum Przeciwdzia\u0142ania \nEkstremizmowi. Dziewi\u0119\u0107 os\u00f3b zosta\u0142o aresztowanych i przewiezionych na \nkomisariat. W ko\u0144cu Irkucki S\u0105d Rejonowy anulowal decyzj\u0119 Oktiabrskiego \nS\u0105du Rejonowego w Irkucku o aresztowaniu na sze\u015b\u0107 dni anarchisty Igora \nMartynienko za \u00abniepodporz\u0105dkowanie si\u0119 \u017c\u0105daniom policjant\u00f3w\u00bb podczas \nprzewo\u017cenia na przes\u0142uchanie w roli \u015bwiadka. Wobec jednego z \naktywist\u00f3w&nbsp;\u2014 Dmitrija Litwina&nbsp;\u2014&nbsp;<a href=\"https:\/\/ovdinfo.org\/express-news\/2017\/04\/08\/na-odnogo-iz-zaderzhannyh-v-irkutske-zavedeno-delo-ob-oskorblenii-chuvstv\">wszcz\u0119to post\u0119powanie karne<\/a>\n wed\u0142ug artyku\u0142u 148 KK FR (obraza uczu\u0107 os\u00f3b wierz\u0105cych), pozosta\u0142ych \nprzes\u0142uchiwano w roli \u015bwiadk\u00f3w w ramach tej sprawy &#8211; sami zatrzymani \nbyli pewni, \u017ce g\u0142\u00f3wna przyczyna jest inna: lokalni anarchi\u015bci s\u0105 \nnajbardziej aktywnymi uczestnikami \u017cycia politycznego w mie\u015bcie i \nniejednokrotnie aktywizowali protesty spo\u0142eczne.<\/p>\n\n\n\n<ul class=\"wp-block-list\"><li>\n<strong>\u00abJawno\u015b\u0107, kt\u00f3ra idzie w parze z tymi \twydarzeniami, nie jest \nniepokoj\u0105ca dla funkcjanariuszy, kt\u00f3rzy \tzorganizowali ten teatr. \nPrzyczyna jest prosta: dla nich jest to \tmo\u017cliwo\u015b\u0107 zastraszenia \nmaksymalnej ilo\u015bci &#8220;potencjalnych \tekstremist\u00f3w&#8221;. I to mog\u0142o by \nzadzia\u0142a\u0107, je\u015bli by wszystkie \tte wydarzenia zmusi\u0142y mnie i moich \ntowarzyszy \u017ceby\u015bmy zeszli do \tpodziemia i zapomnieli o ca\u0142ej \ndzia\u0142alno\u015bci, ale to si\u0119 nie \twydarzy. Wszystko dopiero si\u0119&nbsp;zaczyna\u00bb<\/strong>, \u2014 opowiada \tIgor.\n<\/li><\/ul>\n\n\n\n<p>W listopadzie 2017 w Moskwie na turniej ku pami\u0119ci zabitych \nantyfaszyst\u00f3w przyjecha\u0142a policja. Zatrzymana by\u0142a jedna osoba, u kt\u00f3rej\n wzi\u0119to odciski palc\u00f3w. W listopadzie antyfaszy\u015bci tradycyjnie \nwspominaj\u0105 muzyka Timura Kaczaraw\u0119 i organizatora turniej\u00f3w sportowych \nIwana Chutorskiego, kt\u00f3rzy zostali zamordowani przez faszyst\u00f3w.<\/p>\n\n\n\n<h2 class=\"wp-block-heading\">Prze\u015bladowanie rosyjskich aktywist\u00f3w za granic\u0105<\/h2>\n\n\n\n<p>W kwietniu 2017 anarchist\u0119, figuranta sprawy \u201cBo\u0142otny\u201d (\u00ab\u0431\u043e\u043b\u043e\u0442\u043d\u043e\u0435 \u0434\u0435\u043b\u043e\u00bb) <strong>Aleksieja Polichowicza deportowano z Bia\u0142orusi<\/strong>\n po odbyciu 12 dni aresztu za uczestnictwo w zgromadzeniu w Mi\u0144sku, \ngdzie ludzie protestowali przeciwko nowym podatkom. Latem w bia\u0142oruskim \nmie\u015bcie Baranowicze OMON <strong>wtargn\u0105\u0142 na wyk\u0142ad Aleksieja Sutugi<\/strong>, \nkt\u00f3ry chcia\u0142 opowiedzie\u0107, jak w wi\u0119zieniu stawia\u0107 op\u00f3r funkcjonariuszom \ns\u0142u\u017cb. Prawie wszyscy obecni zostali zatrzymani do wieczora. 12 \npa\u017adziernika lokalny s\u0105d <a href=\"https:\/\/pramen.io\/ru\/2017\/10\/v-baranovichah-za-rasprostranenie-ekstremistskih-materialov-osudili-anarhistov\/\">wyda\u0142 wyrok<\/a>\n o przyznaniu skonfiskowanych na wyk\u0142adzie materia\u0142\u00f3w ekstremistycznymi &#8211;\n materia\u0142em zakazanym sta\u0142 si\u0119 jeden numer czasopisma \u00abAutonom\u00bb.<\/p>\n\n\n\n<p>9 pa\u017adziernika 2017 w bia\u0142oruskim mie\u015bcie Grodno <strong>OMON wtargn\u0105\u0142 na wykad filozofa Piotra Riabowa<\/strong>.\n Piotr Riabow to nasz towarzysz anarchista, docent katedry filozofii \nMGPU (Moskiewski Uniwersytet Pedagogiczny), doktor nauk filozoficznych, \nspecjalizuj\u0105cy si\u0119 w my\u015bli anarchistycznej.&nbsp;11 pa\u017adziernika po \nprzeprowadzeniu w Baranowiczach wyk\u0142adu \u00abNieformalny ruch Bia\u0142orusi \n1991-2010\u00bb Riabow zosta\u0142 skazany na 6 dni aresztu za \u00abdystrybucj\u0119 \nmateria\u0142\u00f3w ekstremistycznych\u00bb. Po tym wydarzeniu Wydzia\u0142 ds. \nObywatelstwa i Migracji lokalnej milicji <a href=\"https:\/\/avtonom.org\/news\/petr-ryabov-deportirovan-iz-belarusi-na-10-let\">podj\u0105\u0142 decyzj\u0119<\/a>\n o deportacji Riabowa i zakazie wjazdu na Bia\u0142oru\u015b na 10 lat. W Moskwie \nodby\u0142a si\u0119&nbsp;seria pojedynczych pikiet przeciwko aresztowi Piotra Riabowa \nprzed Ambasad\u0105&nbsp;Bia\u0142orusi, zorganizowano te\u017c&nbsp;wiecz\u00f3r solidarno\u015bci.<\/p>\n\n\n\n<ul class=\"wp-block-list\"><li>\n<strong>\u00abPa\u0144stwo przeceni\u0142o m\u00f3j wk\u0142ad w rewolucyjn\u0105 \tpropagand\u0119: kilka \nmoich wyk\u0142ad\u00f3w odbi\u0142oby si\u0119 mniejszym echem, \tni\u017c ich zakazanie. My\u015bl\u0119, \n\u017ce chodzi o termin &#8220;anarchizm&#8221;. \tW\u0142adze pami\u0119taj\u0105 to, \u017ce anarchi\u015bci \nzostali skazani za \tpodpalenie Ambasady Rosji w 2010 roku, pami\u0119taj\u0105 te\u017c\n to, \u017ce \tanarchi\u015bci w wielu przypadkach stawali na czele masowych \nprotest\u00f3w \tprzeciwko dekretowi o paso\u017cytnictwie\u00bb<\/strong>, \u2014 <a href=\"https:\/\/www.opendemocracy.net\/od-russia\/dmitry-okrest\/turma-eto-idealnoe-stroenie-gosudarstva\">opowiada\u0142<\/a>\n Riabow w wywiadzie po wyj\u015bciu na wolno\u015b\u0107. W 2017 roku anarchi\u015bci \tw \nBia\u0142orusi byli najbardziej aktywn\u0105&nbsp;si\u0142\u0105 protest\u00f3w \tprzeciwko podatkowi o\n paso\u017cytnictwie, kt\u00f3ry w\u0142adze bia\u0142oruskie \tchcia\u0142y narzuci\u0107 na \nbezrobotnych.\n<\/li><\/ul>\n\n\n\n<p>Jesieni\u0105 2017 roku pi\u0119ciu czeskich anarchist\u00f3w, oskar\u017conych o \nterroryzm, zosta\u0142o ca\u0142kowicie uniewinnionych. To wa\u017cna dla nas \ninformacja, poniewa\u017c&nbsp;wcze\u015bniej w zwi\u0105zku z tym status podejrzanego mia\u0142 \nmieszkaj\u0105cy w Pradze Igor Szewcow, pochodz\u0105cy z Irkucka. W 2016 roku \nczeski s\u0105d wyda\u0142 wyrok na Szewcowa. S\u0105d przyzna\u0142, \u017ce w sprawie ataku na \ndom ministra obrony nie ma wystarczaj\u0105cych dowod\u00f3w (jednak s\u0119dziowie \npodkre\u015blili swoj\u0105 odmow\u0119 uznania go za niewinnego \u2013 wydanie wyroku nie \nby\u0142o mo\u017cliwe ze wzgl\u0119du na brak wystarczaj\u0105cych dowod\u00f3w) i zwolni\u0142 Igora\n z oskar\u017ce\u0144 o napa\u015b\u0107 z \u00abkoktajlami Mo\u0142otowa\u00bb na dom ministra. \u00abOd samego\n pocz\u0105tku m\u00f3wili\u015bmy, \u017ce to priorytetowe zadanie policji, a nie \nimponuj\u0105ce wyroki odsiadki dla anarchist\u00f3w i anarchistek. Aparat \nrepresji nie boi si\u0119 nas jako takich. To, co ich naprawd\u0119 przera\u017ca, to \nto, \u017ce nasze idee zara\u017caj\u0105 coraz wi\u0119ksz\u0105 liczb\u0119&nbsp;os\u00f3b i, co gorsza, \nmogliby\u015bmy zacz\u0105\u0107 stosowa\u0107 niesko\u0144czon\u0105 r\u00f3\u017cnorodno\u015b\u0107 taktyk\u00bb, \u2014 <a href=\"https:\/\/antifenix.noblogs.org\/post\/2017\/09\/24\/ru-%D1%82%D1%80%D0%B8-%D0%B3%D0%BE%D0%B4%D0%B0-%D0%BD%D0%B5%D0%B4%D0%BE%D1%81%D1%82%D0%B0%D1%87%D0%B8-%D0%B4%D0%BE%D0%BA%D0%B0%D0%B7%D0%B0%D1%82%D0%B5%D0%BB%D1%8C%D1%81%D1%82%D0%B2-%D1%87%D0%B5\/\">mo\u017cemy przeczyta\u0107<\/a> w o\u015bwiadczeniu w tej sprawie.<\/p>\n\n\n\n<h2 class=\"wp-block-heading\">Wie\u015bci z wi\u0119zie\u0144<\/h2>\n\n\n\n<p><strong>Mieszkaniec Krymu Aleksandr Kolczenko<\/strong>, kt\u00f3rego wielu zna jako \nTundr\u0119, w wi\u0119zieniu \u015bwi\u0119towa\u0142 ju\u017c 28 urodziny \u2014 pomimo niedawno \nprzeprowadzonej wymiany je\u0144c\u00f3w mi\u0119dzy Ukrain\u0105 i L-DNR, on wci\u0105\u017c znajduje\n si\u0119 w wi\u0119zieniu. Ukraina obieca\u0142a wyda\u0107 rosyjskich wojskowych w zamian \nza Sencowa i Kolczenk\u0119, ale pomimo rozm\u00f3w nic wi\u0119cej si\u0119 nie wydarzy\u0142o. \nNa urodziny antyfaszysty na lotniskach Ukrainy, Czech i Polski \nzporganizowano akcj\u0119 \u00abDaremne oczekiwanie\u00bb. Aktywi\u015bci z tabliczkami, na \nkt\u00f3rych napisane by\u0142y imiona wi\u0119\u017anionych w Rosji Ukrai\u0144c\u00f3w, stali w \npoczekalni.<\/p>\n\n\n\n<p>Anarchist\u0119&nbsp;Kolczenko w\u0142adze rosyjskie skaza\u0142y na 10 lat wi\u0119zienia w \nsprawie tak zwanych \u00abkrymskich terroryst\u00f3w\u00bb \u2014 uczestniczy\u0142 w akcjach \nprzeciwko wprowadzeniu wojsk rosyjskich na p\u00f3\u0142wysep, a w szczeg\u00f3lno\u015bci \nuczestniczy\u0142&nbsp;w podpaleniu lokalnego oddzia\u0142u partii \u00abJedna Rosja\u00bb i \nbiura nacjonalistycznej \u00abrosyjskiej Wsp\u00f3lnoty Krymu\u00bb. W listopadzie u \nskazanego zdiagnozowano \u00abniedowag\u0119\u00bb.&nbsp;W tym samym czasie FSIN (Federalna \nS\u0142u\u017cba Wykonania Kar FR) odm\u00f3wi\u0142a mu w podj\u0119ciu zaocznych studi\u00f3w na \nukrai\u0144skim uniwersytecie.<\/p>\n\n\n\n<p><em>Napisa\u0107 list do Aleksandra Kolczenko mo\u017cna na adres: 456612, \u0427\u0435\u043b\u044f\u0431\u0438\u043d\u0441\u043a\u0430\u044f \u043e\u0431\u043b., \u041a\u043e\u043f\u0435\u0439\u0441\u043a, \u0443\u043b. \u041a\u0435\u043c\u0435\u0440\u043e\u0432\u0441\u043a\u0430\u044f, 20, \u0418\u041a-<\/em><em>6, \u043e\u0442\u0440\u044f\u0434 4, \u041a\u043e\u043b\u044c\u0447\u0435\u043d\u043a\u043e \u0410\u043b\u0435\u043a\u0441\u0430\u043d\u0434\u0440\u0443 \u0410\u043b\u0435\u043a\u0441\u0430\u043d\u0434\u0440\u043e\u0432\u0438\u0447\u0443, 1989 \u0433.\u0440. \u2014 lub za pomoc\u0105 pocztowego serwisu&nbsp;\u00abRosuznika\u00bb.<\/em><\/p>\n\n\n\n<p><strong>W Mordowii odbywa wyrok anarchista Ilja Romanow<\/strong>, kt\u00f3rego s\u0105d \nwojenny nazwa\u0142 \u00abterroryst\u0105\u00bb. Romanow ucierpia\u0142 od wybuchu petardy \nw\u0142asnej produkcji w pa\u017adzierniku 2013 roku, ale w wyniku stara\u0144 \nni\u017cnonowogrodzkiego centrum \u00abE\u00bb z eksperymentatora-nieudacznika zamieni\u0142\n si\u0119 w \u00abterroryst\u0119\u00bb i dosta\u0142 wyrok 10 lat w kolonii karnej. Z powodu \nwybuchu Romanow straci\u0142 d\u0142o\u0144.<\/p>\n\n\n\n<p>W kwietniu 2017 roku Europejski Trybuna\u0142 Praw Cz\u0142owieka rozpatrzy\u0142 \njedn\u0105 ze skarg Romanowa i przyzna\u0142 mu 3 400 euro odszkodowania za \nnieuzasadnione d\u0142ugie przebywanie w areszcie w czasie prowadzenia \n\u015bledztwa. W maju Romanowa umie\u015bcili w celi na cztery miesi\u0105ce, a w lipcu\n wszcz\u0119li <a href=\"https:\/\/zona.media\/news\/2017\/07\/03\/romanov-delo\">nowe post\u0119powanie<\/a>\n &#8211; o &#8220;nawo\u0142ywnie do terroryzmu&#8221;, przypisuj\u0105c mu opublikowanie na stronie\n w Facebook&#8217;u filmiku z islamistami, dyskutuj\u0105cymi o jihadzie. \nRzeczywist\u0105 przyczyn\u0105 wszcz\u0119cia post\u0119powania karnego s\u0105 satyryczne \nfilmiki Ilji, w kt\u00f3rych odprawia on \u201cczary\u201d przeciwko Putinowi.<\/p>\n\n\n\n<ul class=\"wp-block-list\"><li>\n<strong>\u201cObecne pa\u0144stwo rosyjskie nie wydziela \toddzielnej kategorii \n\u201cpolitycznych\u201d. Z punktu widzenia prawa, \twszyscy wi\u0119\u017aniowie to \nkryminali\u015bci. Dlatego nie ma specjalnych \twi\u0119zie\u0144 dla politycznych, \njednak wi\u0119\u017ani\u00f3w osadzonych w zwi\u0105zku \tz polityk\u0105, zazwyczaj wioz\u0105 do \nMordowii albo na P\u00f3\u0142noc.<\/strong>\n<\/li><\/ul>\n\n\n\n<p><strong>Niedawno\n w telewizji jaki\u015b funkcjonariusz FSB poinformowa\u0142 o \u201cdu\u017cym \nosi\u0105gni\u0119ciu\u201d: w Rosji jest oko\u0142o dwa tysi\u0105ce skazanych za przest\u0119pstwa \n\u201co <\/strong><strong>tendencji<\/strong><strong> terrorystyczn<\/strong><strong>ej<\/strong><strong>\u201d. Kim oni s\u0105 i gdzie si\u0119 znajduj\u0105? Zak\u0142adam, \u017ce wi\u0119kszo\u015b\u0107 to m\u0142odzi muzu\u0142amnie z Kaukazu\u201d \u2013 <\/strong><strong>pisze w jednym z list\u00f3w anarchista (z tekstu Romanowa \u201cW kt\u00f3rym wieku \u017cyje Mordowia? Wi\u0119zienna miedzynarod\u00f3wka we wsi Leplej\u201d)<\/strong><\/p>\n\n\n\n<p><em>Ilja Romanow znajduje si\u0119 w areszcie SIZO-1 Saranska, adres:<\/em> 430003 \u0420\u0435\u0441\u043f\u0443\u0431\u043b\u0438\u043a\u0430 \u041c\u043e\u0440\u0434\u043e\u0432\u0438\u044f, \u0433.\u0421\u0430\u0440\u0430\u043d\u0441\u043a, \u0443\u043b.\u0420\u0430\u0431\u043e\u0447\u0430\u044f 147, \u0421\u0418\u0417\u041e-1, \u0420\u043e\u043c\u0430\u043d\u043e\u0432\u0443 \u0418\u043b\u044c\u0435 \u042d\u0434\u0443\u0430\u0440\u0434\u043e\u0432\u0438\u0447\u0443, 1967 \u0433.\u0440<em>. Napisa\u0107 list mo\u017cna tak\u017ce za pomoc\u0105 serwisu \u201cRosuznika\u201d.<\/em><\/p>\n\n\n\n<p><strong>W ko\u0144cu na wolno\u015bci<\/strong><\/p>\n\n\n\n<p>W maju 2017 anarchista Aleksiej Sutuga wyszed\u0142 z kolonii karnej IK-14\n w Angarsku. We wrze\u015bniu 2014 roku Sutug\u0119, znanego jako Sokrat, skazali \nna trzy lata i miesi\u0105c kolonii karnej. Sam antyfaszysta nie przyzna\u0142 si\u0119\n do winy: pr\u00f3bowa\u0142 rozdzieli\u0107 osoby podczas b\u00f3jki, kt\u00f3ra zacz\u0119\u0142a si\u0119 w \nkawiarni, ale nikogo nie bi\u0142. Poszkodowani w tej sprawie byli blisko \nzwi\u0105zani z rosyjskimi neonazistami, jeden z nich \u2013 Rustam Mirza \u2013 nie \npierwszy raz uczestniczy\u0142 w sprawach przeciwko antyfaszystom jako \nposzkodowany lub \u015bwiadek.<\/p>\n\n\n\n<ul class=\"wp-block-list\"><li>\n<strong>\u201cNie umiesz rozmawia\u0107 z glinami, to lepiej nie \tgadaj. Wszcz\u0119li \npost\u0119powanie karne \u2013 walcz o swoj\u0105 wolno\u015b\u0107. \tZamkn\u0119li \u2013 to nie znaczy, \n\u017ce walka o twoj\u0105 wolno\u015b\u0107 si\u0119 \tsko\u0144czy\u0142a. Ograniczaj\u0105 ci\u0119 murami, \nograniczaj\u0105 twoje kontakty, \tale i w wi\u0119zieniu mo\u017cna pozosta\u0107 wolnym. \nTrudno to poj\u0105\u0107, ale \ttak jest. Nie trzeba da\u0107 si\u0119 umie\u015bci\u0107 w wi\u0119zieniu,\n ale te\u017c nie \twolno si\u0119 ba\u0107 wi\u0119zienia\u201d \u2013 <\/strong><strong>m\u00f3wi\u0142 \ttowarzyszom po wyj\u015bciu z rosyjskiego wi\u0119zienia Sutuga.<\/strong>\n<\/li><\/ul>\n\n\n\n<p>W pa\u017adzierniku 2017 antyfaszysta z Tomska Jegor Aleksiejew ukry\u0142 si\u0119 \nna dzie\u0144 przed og\u0142oszeniem wyroku. Obecnie jest bezpieczny, ale nie \nzdradza swojego miejsca przebywania. Wed\u0142ug s\u0142\u00f3w Jegora, zdecydowa\u0142 si\u0119 \nukry\u0107 si\u0119 przed \u201crosyjskim wymiarem sprawiedliwo\u015bci\u201d, poniewa\u017c ba\u0142 si\u0119, \n\u017ce dostanie wyrok skazuj\u0105cy, z pozbawieniem wolno\u015bci. Post\u0119powanie karne\n przeciwko Jegorowi Aleksiejowi by\u0142o sfabrykowane w grudniu 2014 roku \nwed\u0142ug cz\u0119\u015bci 1 artyku\u0142u 282 KK FR \u2013 za rozniecenie nienawi\u015bci lub \nwrogo\u015bci w stosunku do grupy spo\u0142ecznej \u201cfunkcjonariuszy policji\u201d. \nWed\u0142ug wersji \u015bwiadka, w czerwcu 2014 roku Jegor Aleksiejew na swojej \nstronie, na koncie \u201cMiros\u0142aw Mudryj\u201d w sieci spo\u0142eczno\u015bciowej \n\u201cVKontakte\u201d opublikowa\u0142 wideo \u201cAnarchi\u015bci_Antyfaszy\u015bci\u201d pod piosenk\u0119 \nkolektywu raper\u00f3w \u00abThe Cryme Scene\u00bb \u2014 \u201cD\u017awi\u0119ki Rewolucji\u201d (\u00ab\u0417\u0432\u0443\u043a\u0438 \n\u0420\u0435\u0432\u043e\u043b\u044e\u0446\u0438\u0438\u00bb).<\/p>\n\n\n\n<p>Na pocz\u0105tku listopada \n2017 historyk i anarchista Dmitrij Buczenkow precyzyjnie uciek\u0142 z \naresztu domowego i w tym momencie znajduje si\u0119 w Europie. Umieszczaj\u0105c \nBuczenkowa pod aresztem domowym funkcjonariusze FSIN (Federalna S\u0142u\u017cba \nWykonania Kar FR), wbrew utartej praktyce, nie za\u0142o\u017cyli mu \nelektronicznej bransoletki, z powodu braku sprz\u0119tu. Buczenkow by\u0142 35 \nfigurantem sprawy \u201cBo\u0142otny\u201d (od nazwy placu w Moskwie, gdzie mia\u0142y \nmiejsce protesty), kt\u00f3ra zacz\u0119\u0142a si\u0119 po pr\u00f3bie samoobrony obywateli \nprzed agresywnymi dzia\u0142aniami policji 6 maja 2012 roku.<\/p>\n\n\n\n<ul class=\"wp-block-list\"><li>\n<strong>\u201cKiedy wydarzy si\u0119 rewolucja, czy b\u0119dziemy \tmogli co\u015b zrobi\u0107? \nZrobi\u0107 tak, \u017ceby cz\u0119\u015b\u0107 spo\u0142ecze\u0144stwa, \tkt\u00f3ra nieuchronnie b\u0119dzie \nwci\u0105gni\u0119ta w wydarzenia i b\u0119dzie si\u0119 \tpo\u015bwi\u0119ca\u0107, \u017ceby nie po\u015bwi\u0119ca\u0142a si\u0119\n daremnie i nie w imi\u0119 \tkolejnego nowego prezydenta? W\u0142adza Putina \nraczej sko\u0144czy si\u0119 \tnieprostymi spo\u0142eczno-politycznymi wydarzeniami, i \nim d\u0142u\u017cej on \tjest u w\u0142adzy, tym wi\u0119ksze prawdopodobie\u0144stwo tych \nwydarze\u0144. W \thistorii rosji zawsze jest tak: po d\u0142ugim okresie w\u0142adzy \t\nautorytarnej nadchodzi okres wojny domowej\u201d \u2013 <\/strong><strong>opowiada \tDmitrij w wywiadzie ju\u017c po ucieczce.<\/strong>\n<\/li><\/ul>\n\n\n\n<p>Wed\u0142ug \u015bledczych, 6 maja 2012 roku Buczenkow rzekomo napad\u0142 na \npolicjant\u00f3w i przewraca\u0142 toi-toie. Organy represji  doskonale wiedz\u0105, \u017ce\n to k\u0142amstwo \u2013 Buczenkowa w og\u00f3le nie by\u0142o tego dnia na placu Bo\u0142otnym w\n Moskwie, odwiedzia\u0142 rodzic\u00f3w w Ni\u017cnym Nowogrodzie. Cz\u0142owiek, kt\u00f3ry \nzosta\u0142 nagrany na wideo i o kt\u00f3rym \u015bledczy twierdz\u0105, \u017ce to Dmitrij, \nabsolutnie nie jest do niego podobny. Skarga na jego aresztowanie i \nprze\u015bladowanie polityczne zosta\u0142a skierowana przez adwokata do \nEuropejskiego Trybuna\u0142u Praw Cz\u0142owieka. Obecnie Buczenkow oswaja si\u0119 z \nnowym miejscem i przygotowuje si\u0119 do tego, aby znowu by\u0107 w gotowo\u015bci \u2013 w\n czasie, gdy by\u0142 uwi\u0119ziony nie traci\u0142 czasu na darmo i przygotowa\u0142 kilka\n materia\u0142\u00f3w historycznych o ludowym oporze.<\/p>\n\n\n\n<p>Wesprze\u0107 ACK Moskwa mo\u017cna poprzez Paypal:<strong> \n <a href=\"mailto:abc-msk@riseup.net\">abc-msk@riseup.net<\/a><\/strong><\/p>\n\n\n\n<p>\u017ar\u00f3d\u0142o: avtonom.org<\/p>\n","protected":false},"excerpt":{"rendered":"<p>Przegl\u0105d zosta\u0142 przygotowany przez kolektyw ACK-Moskwa Przedstawiamy wam przegl\u0105d represji w stosunku do anarchist\u00f3w i aktywist\u00f3w wolno\u015bciowych w 2017 roku i na pocz\u0105tku 2018 roku &#8211; w\u0142adze ze zdwojon\u0105&nbsp;si\u0142\u0105 kontynuuj\u0105 wsadzanie do areszt\u00f3w i n\u0119kanie naszych towarzyszy. Anarchi\u015bci.tki poddawani.e s\u0105&nbsp;represjom w wi\u0119zieniach, ale nie trac\u0105&nbsp;si\u0142y ducha. W zesz\u0142ym roku nasz kolektyw nieregularnie publikowa\u0142 raporty i<\/p>\n","protected":false},"author":8,"featured_media":2612,"comment_status":"open","ping_status":"open","sticky":false,"template":"","format":"standard","meta":{"_acf_changed":false,"footnotes":""},"categories":[1,4],"tags":[],"class_list":["post-2611","post","type-post","status-publish","format-standard","has-post-thumbnail","hentry","category-artykul","category-stati"],"acf":[],"aioseo_notices":[],"_links":{"self":[{"href":"https:\/\/rupression.com\/pl\/wp-json\/wp\/v2\/posts\/2611","targetHints":{"allow":["GET"]}}],"collection":[{"href":"https:\/\/rupression.com\/pl\/wp-json\/wp\/v2\/posts"}],"about":[{"href":"https:\/\/rupression.com\/pl\/wp-json\/wp\/v2\/types\/post"}],"author":[{"embeddable":true,"href":"https:\/\/rupression.com\/pl\/wp-json\/wp\/v2\/users\/8"}],"replies":[{"embeddable":true,"href":"https:\/\/rupression.com\/pl\/wp-json\/wp\/v2\/comments?post=2611"}],"version-history":[{"count":4,"href":"https:\/\/rupression.com\/pl\/wp-json\/wp\/v2\/posts\/2611\/revisions"}],"predecessor-version":[{"id":2619,"href":"https:\/\/rupression.com\/pl\/wp-json\/wp\/v2\/posts\/2611\/revisions\/2619"}],"wp:featuredmedia":[{"embeddable":true,"href":"https:\/\/rupression.com\/pl\/wp-json\/wp\/v2\/media\/2612"}],"wp:attachment":[{"href":"https:\/\/rupression.com\/pl\/wp-json\/wp\/v2\/media?parent=2611"}],"wp:term":[{"taxonomy":"category","embeddable":true,"href":"https:\/\/rupression.com\/pl\/wp-json\/wp\/v2\/categories?post=2611"},{"taxonomy":"post_tag","embeddable":true,"href":"https:\/\/rupression.com\/pl\/wp-json\/wp\/v2\/tags?post=2611"}],"curies":[{"name":"wp","href":"https:\/\/api.w.org\/{rel}","templated":true}]}}