{"id":2573,"date":"2019-01-07T22:05:10","date_gmt":"2019-01-07T19:05:10","guid":{"rendered":"https:\/\/rupression.com\/?p=2573"},"modified":"2019-01-07T22:22:30","modified_gmt":"2019-01-07T19:22:30","slug":"rosja-fala-represji-w-petersburgu-aktywisci-z-absurdalnymi-zarzutami-o-terroryzm","status":"publish","type":"post","link":"https:\/\/rupression.com\/pl\/2019\/01\/07\/rosja-fala-represji-w-petersburgu-aktywisci-z-absurdalnymi-zarzutami-o-terroryzm\/","title":{"rendered":"Rosja: fala represji w Petersburgu. Aktywi\u015bci z absurdalnymi zarzutami o terroryzm."},"content":{"rendered":"\n<pre class=\"wp-block-preformatted\">30 stycznia 2018<\/pre>\n\n\n\n<p>W zwi\u0105zku ze zbli\u017caj\u0105cymi si\u0119&nbsp;wyborami prezydenta Putina i   mistrzostwami \u015bwiata w pi\u0142ce no\u017cnej, w Rosji zaczyna si\u0119&nbsp;\u201cpolowanie na   czarownice\u201d oraz t\u0119pienie \u015brodowisk nie zgadzaj\u0105cych si\u0119 ze status quo.   Wygl\u0105da to tak, jakby FSB (federalna s\u0142u\u017cba   bezpiecze\u0144stwa FR) pr\u00f3bowa\u0142o stworzy\u0107&nbsp;wymy\u015blon\u0105 organizacj\u0119   terrorystyczn\u0105, do kt\u00f3rej b\u0119dzie zalicza\u0107 wszystkich, zwi\u0105zanych z   ruchem anarchistycznym, czy antyfaszystowskim.<\/p>\n\n\n\n<p>W Petersburgu w drodze na lotnisko Pulkowo, 23 stycznia zagin\u0105\u0142  lewicowy aktywista <strong>Wiktor Filinkow<\/strong>.\n Jecha\u0142 na samolot do Kijowa. O 15:00  aktywista napisa\u0142 do swojej \u017cony,\n kt\u00f3ra obecnie mieszka i studiuje za  granic\u0105, i potem zerwa\u0142&nbsp;si\u0119 z nim \nkontakt. Aktywistom, kt\u00f3rzy dzwonili  do szpitali, do FSB, do stra\u017cy granicznej, na lotnisko i do wydzia\u0142\u00f3w MSW, m\u00f3wiono, \u017ce Filinkowa u nich nie ma.<\/p>\n\n\n\n<p>25 stycznia s\u0142u\u017cba prasowa s\u0105d\u00f3w w Petersburgu og\u0142osi\u0142a, \u017ce Wiktor  \nFilinkow zosta\u0142 aresztowany pod zarzutem uczestnictwa w zrzeszeniu  \nterrorystycznym (cz\u0119\u015b\u0107 2 artyku\u0142u 205.4 Kodeksu Karnego FR; od 5 \u2013 10  \nlat wi\u0119zienia). \u201cFilinkow przyzna\u0142 si\u0119 do zarzucanych mu zarzut\u00f3w\u201d, \u2013  \npoinformowa\u0142a s\u0142u\u017cba prasowa. Je\u017celi naprawd\u0119&nbsp;Filinkow do czego\u015b si\u0119  \n\u201cprzyznawa\u0142\u201d to na pewno pod fizyczn\u0105 presj\u0105 i w wyniku tortur.<\/p>\n\n\n\n<p>Wed\u0142ug wersji \u015bledczych, Filinkow i inne niezidentyfikowane osoby,  \n\u201cpodzielaj\u0105ce pogl\u0105dy anarchistyczne\u201d, uczestniczyli w jednostce  \nzrzeszenia terrorystycznego, kt\u00f3rego celem by\u0142a dzia\u0142alno\u015b\u0107  \nterrorystyczna, propaganda, a tak\u017ce usprawiedliwianie i wspieranie  \nterroryzmu.<\/p>\n\n\n\n<p>Kilka miesi\u0119cy wcze\u015bniej, Wiktor i jego \u017cona zauwa\u017cali, \u017ce s\u0105 \u015bledzeni.<\/p>\n\n\n\n<p>Linki (w j\u0119zyku rosyjskim):<br> <a href=\"https:\/\/zona.media\/news\/2018\/01\/25\/filinkov-205\">zona.media\/news\/2018\/01\/25\/filinkov-205<\/a><\/p>\n\n\n\n<p><a href=\"https:\/\/ovdinfo.org\/express-news\/2018\/01\/25\/antifashista-iz-peterburga-arestovali-na-dva-mesyaca-po-terroristicheskoy\">https:\/\/ovdinfo.org\/express-news\/2018\/01\/25\/antifashista-iz-peterburga-arestovali-na-dva-mesyaca-po-terroristicheskoy <br> <br><\/a>26 stycznia pojawi\u0142a si\u0119&nbsp;informacja, \u017ce Filinkow by\u0142  torturowany.  Opisa\u0142 wszystko co si\u0119 z nim dzia\u0142o obserwatorom ze  Spo\u0142ecznej Komisji  Obserwator\u00f3w Petersburga, kt\u00f3rzy odwiedzili go w  areszcie. Opisa\u0142 m.in.  ra\u017cenie paralizatorem w samochodzie, zaraz po  zatrzymaniu, wywiezienie  do lasu, gdzie by\u0142 bity przez 5 godzin, dop\u00f3ki  nie wymuszono na nim  przyznania si\u0119.<\/p>\n\n\n\n<p><a href=\"https:\/\/ovdinfo.org\/express-news\/2018\/01\/26\/antifashist-arestovannyy-po-delu-o-terrorizme-zayavil-o-pytkah\">https:\/\/ovdinfo.org\/express-news\/2018\/01\/26\/antifashist-arestovannyy-po-delu-o-terrorizme-zayavil-o-pytkah<\/a><br><\/p>\n\n\n\n<p>Kolejna sprawa dotyczy<strong> Igora Szyszkina<\/strong>.<\/p>\n\n\n\n<p>Szyszkin zagin\u0105\u0142 w Petersburgu, zatrzymany w czasie spaceru z psem. Jego dom by\u0142 przeszukiwany, poinformowa\u0142 serwis OWD-Info oraz jego \u017cona.<\/p>\n\n\n\n<p>Zgodnie ze s\u0142owami brata \u2013 Andrieja Szyszkina: <br> \u201cZosta\u0142 porwany \n(nie zatrzymany) \u2013 m\u00f3j brat, przed chwil\u0105 dzwoni\u0142a jego  \u017cona. Poszed\u0142 \nna spacer z psem, pies wr\u00f3ci\u0142 bez niego, ale z policj\u0105\u201d.<\/p>\n\n\n\n<p>\u017bon\u0119 Szyszkina zabrali na przes\u0142uchanie do FSB.  Pytali \nj\u0105 o niejak\u0105 \u201cSie\u0107\u201d i o 5.11, poza tym wypytywali, czy tak\u017ce  podziela \nanarchistyczne pogl\u0105dy i czy zna r\u00f3\u017cne osoby (nazywano  nickname\u2019y z \ninternetu). P\u00f3\u017aniej \u017con\u0119 wypuszczono.<\/p>\n\n\n\n<p>Do biura FSB nie wpuszczono adwokat\u00f3w,  powiedziano, \u017ce \nIgora Szyszkina tam nie ma. Mamy podstawy, \u017ceby  podejrzewa\u0107 wywieranie \nna niego fizycznej presji. S\u0142u\u017cba prasowa FSB odm\u00f3wi\u0142a komentarzy na ten temat.<\/p>\n\n\n\n<p>W tej sytuacji widzimy scenariusz, kt\u00f3ry mo\u017ce by\u0107 powt\u00f3rk\u0105 z tego, co   wydarzy\u0142o si\u0119 z Wiktorem. Najprawdopodobniej w tym momencie   funkcjonariusze FSB zastraszaj\u0105 i wywieraj\u0105  fizyczn\u0105  presj\u0119 (tortury) na Igora, a za kilka dni us\u0142yszymy o jego   przynale\u017cno\u015bci do \u201corganizacji terrorystycznej\u201d.<\/p>\n\n\n\n<p><a href=\"https:\/\/ovdinfo.org\/express-news\/2018\/01\/26\/zhitel-peterburga-propal-vo-vremya-progulki-s-sobakoy-ego-zhenu-doprashivali\">https:\/\/ovdinfo.org\/express-news\/2018\/01\/26\/zhitel-peterburga-propal-vo-vremya-progulki-s-sobakoy-ego-zhenu-doprashivali<\/a><\/p>\n\n\n\n<p>25 stycznia w Petersburgu funkcjonariusze FSB pojawili  si\u0119 u jednego z antyfaszyst\u00f3w i przeszukali jego dom.  Przeszukanie  zako\u0144czy\u0142o si\u0119 o 2 w nocy, a w jego wyniku skonfiskowano  sprz\u0119t  elektroniczny.<\/p>\n\n\n\n<p><a href=\"https:\/\/ovdinfo.org\/express-news\/2018\/01\/26\/v-peterburge-sotrudniki-fsb-prishli-s-obyskom-k-antifashistam\">https:\/\/ovdinfo.org\/express-news\/2018\/01\/26\/v-peterburge-sotrudniki-fsb-prishli-s-obyskom-k-antifashistam<\/a><\/p>\n\n\n\n<p>Anarchistyczny\n Czarny Krzy\u017c b\u0119dzie na bie\u017c\u0105c\u0105 informowa\u0142 o syatuacji w Petersurgu, i o\n kolejnych represjach, kt\u00f3re s\u0105 spodziewane.<\/p>\n\n\n\n<p>Solidarno\u015b\u0107 z uwi\u0119zionymi! Stop dyktaturze! Stop nagonce terrorystycznej!<\/p>\n","protected":false},"excerpt":{"rendered":"<p>30 stycznia 2018 W zwi\u0105zku ze zbli\u017caj\u0105cymi si\u0119&nbsp;wyborami prezydenta Putina i mistrzostwami \u015bwiata w pi\u0142ce no\u017cnej, w Rosji zaczyna si\u0119&nbsp;\u201cpolowanie na czarownice\u201d oraz t\u0119pienie \u015brodowisk nie zgadzaj\u0105cych si\u0119 ze status quo. Wygl\u0105da to tak, jakby FSB (federalna s\u0142u\u017cba bezpiecze\u0144stwa FR) pr\u00f3bowa\u0142o stworzy\u0107&nbsp;wymy\u015blon\u0105 organizacj\u0119 terrorystyczn\u0105, do kt\u00f3rej b\u0119dzie zalicza\u0107 wszystkich, zwi\u0105zanych z ruchem anarchistycznym, czy antyfaszystowskim.<\/p>\n","protected":false},"author":8,"featured_media":0,"comment_status":"open","ping_status":"open","sticky":false,"template":"","format":"standard","meta":{"_acf_changed":false,"footnotes":""},"categories":[4],"tags":[],"class_list":["post-2573","post","type-post","status-publish","format-standard","hentry","category-stati"],"acf":[],"aioseo_notices":[],"_links":{"self":[{"href":"https:\/\/rupression.com\/pl\/wp-json\/wp\/v2\/posts\/2573","targetHints":{"allow":["GET"]}}],"collection":[{"href":"https:\/\/rupression.com\/pl\/wp-json\/wp\/v2\/posts"}],"about":[{"href":"https:\/\/rupression.com\/pl\/wp-json\/wp\/v2\/types\/post"}],"author":[{"embeddable":true,"href":"https:\/\/rupression.com\/pl\/wp-json\/wp\/v2\/users\/8"}],"replies":[{"embeddable":true,"href":"https:\/\/rupression.com\/pl\/wp-json\/wp\/v2\/comments?post=2573"}],"version-history":[{"count":9,"href":"https:\/\/rupression.com\/pl\/wp-json\/wp\/v2\/posts\/2573\/revisions"}],"predecessor-version":[{"id":2602,"href":"https:\/\/rupression.com\/pl\/wp-json\/wp\/v2\/posts\/2573\/revisions\/2602"}],"wp:attachment":[{"href":"https:\/\/rupression.com\/pl\/wp-json\/wp\/v2\/media?parent=2573"}],"wp:term":[{"taxonomy":"category","embeddable":true,"href":"https:\/\/rupression.com\/pl\/wp-json\/wp\/v2\/categories?post=2573"},{"taxonomy":"post_tag","embeddable":true,"href":"https:\/\/rupression.com\/pl\/wp-json\/wp\/v2\/tags?post=2573"}],"curies":[{"name":"wp","href":"https:\/\/api.w.org\/{rel}","templated":true}]}}